{"id":4765,"date":"2026-04-26T08:44:52","date_gmt":"2026-04-26T08:44:52","guid":{"rendered":"https:\/\/urfamagazin.com\/?p=4765"},"modified":"2026-04-26T08:44:52","modified_gmt":"2026-04-26T08:44:52","slug":"tanaldan-korkutan-iddia","status":"publish","type":"post","link":"https:\/\/urfamagazin.com\/?p=4765","title":{"rendered":"Tanal\u2019dan korkutan iddia!"},"content":{"rendered":"<p>Cumhuriyet Halk Partisi (CHP) \u015eanl\u0131urfa Milletvekili Mahmut Tanal, Dernek, K\u0131z\u0131lkuyu, Keberli, \u00c7al\u0131\u015fkanlar, A\u015fa\u011f\u0131 ve Yukar\u0131 \u00c7aykuyu ile G\u00fczelkuyu hatt\u0131n\u0131 kapsayan b\u00f6lgede, organize sanayi b\u00f6lgesi ve besi tesislerinden kaynakland\u0131\u011f\u0131 \u00f6ne s\u00fcr\u00fclen at\u0131k sular\u0131n yakla\u015f\u0131k 20 kilometreyi a\u015fan bir hatta y\u00fczeyden akt\u0131\u011f\u0131 iddia ediliyor.<\/p>\n<p>Tanal\u2019\u0131n sosyal medya hesab\u0131ndan yapt\u0131\u011f\u0131 payla\u015f\u0131mda, bu at\u0131k sular\u0131n topra\u011fa, yeralt\u0131 sular\u0131na ve tar\u0131m arazilerine kar\u0131\u015ft\u0131\u011f\u0131 belirtilerek, konunun \u201cs\u0131radan bir koku sorunu\u201d olmad\u0131\u011f\u0131n\u0131 vurgulad\u0131. \u0130ddialara g\u00f6re kirlenen sular, i\u00e7me suyu kaynaklar\u0131n\u0131 tehdit ediyor, \u00e7ocuklar\u0131 zehirlenme riskiyle kar\u015f\u0131 kar\u015f\u0131ya b\u0131rak\u0131yor, tar\u0131m \u00fcr\u00fcnlerinde a\u011f\u0131r metal birikimine yol a\u00e7abiliyor ve mera ile yaban hayat\u0131n\u0131 olumsuz etkiliyor. B\u00f6lgedeki f\u0131st\u0131k ve zeytin a\u011fa\u00e7lar\u0131n\u0131n kurudu\u011fu da \u00f6ne s\u00fcr\u00fclen sorunlar aras\u0131nda yer al\u0131yor.<\/p>\n<p>Milletvekili Tanal, Anayasa\u2019n\u0131n 56. maddesine at\u0131fla \u201cHerkes sa\u011fl\u0131kl\u0131 ve dengeli bir \u00e7evrede ya\u015fama hakk\u0131na sahiptir\u201d diyerek, iddialar\u0131n \u00e7evre hukuku, halk sa\u011fl\u0131\u011f\u0131 hukuku, toprak koruma ve ceza hukuku y\u00f6nlerinden ara\u015ft\u0131r\u0131lmas\u0131 gerekti\u011fini ifade etti. \u00d6zellikle bu sularla sulanan tar\u0131m \u00fcr\u00fcnlerinin sofralara ula\u015fma ihtimalinin, meseleyi yerel bir sorundan ulusal toplum sa\u011fl\u0131\u011f\u0131 sorununa d\u00f6n\u00fc\u015ft\u00fcrebilece\u011fi uyar\u0131s\u0131nda bulundu.<\/p>\n<h2><strong>A\u00c7IK \u00c7A\u011eRI<\/strong><\/h2>\n<p>Tanal, yetkililere \u015fu \u00e7a\u011fr\u0131da bulundu, \u0130ddialar\u0131n derhal ba\u011f\u0131ms\u0131z numunelerle ara\u015ft\u0131r\u0131lmas\u0131, Su ve toprak analizlerinin yap\u0131lmas\u0131, At\u0131k de\u015farjlar\u0131n\u0131n denetlenmesi,Kamuoyunun \u015feffaf bi\u00e7imde bilgilendirilmesi.<\/p>\n<p>Payla\u015f\u0131m\u0131nda \u201cSu zehirlenirse hayat zehirlenir. Toprak susarsa memleket susar. Bu iddialar \u00f6rt\u00fclemez, ara\u015ft\u0131r\u0131lmal\u0131d\u0131r\u201d ifadelerine yer veren Tanal, \u015eanl\u0131urfa\u2019dan y\u00fckselen \u201c\u00e7\u0131\u011fl\u0131\u011f\u0131n\u201d duyulmas\u0131 gerekti\u011fini belirtti.<\/p>\n<p>Konuyla ilgili resmi bir a\u00e7\u0131klama veya inceleme ba\u015flat\u0131l\u0131p ba\u015flat\u0131lmad\u0131\u011f\u0131na dair hen\u00fcz net bir bilgi bulunmuyor.<\/p>\n","protected":false},"excerpt":{"rendered":"<p>Cumhuriyet Halk Partisi (CHP) \u015eanl\u0131urfa Milletvekili Mahmut Tanal, Dernek, K\u0131z\u0131lkuyu, Keberli, \u00c7al\u0131\u015fkanlar, A\u015fa\u011f\u0131 ve Yukar\u0131&#8230;<\/p>\n","protected":false},"author":1,"featured_media":0,"comment_status":"closed","ping_status":"closed","sticky":false,"template":"","format":"standard","meta":{"footnotes":""},"categories":[1],"tags":[],"class_list":["post-4765","post","type-post","status-publish","format-standard","hentry","category-guncel-haberler"],"_links":{"self":[{"href":"https:\/\/urfamagazin.com\/index.php?rest_route=\/wp\/v2\/posts\/4765","targetHints":{"allow":["GET"]}}],"collection":[{"href":"https:\/\/urfamagazin.com\/index.php?rest_route=\/wp\/v2\/posts"}],"about":[{"href":"https:\/\/urfamagazin.com\/index.php?rest_route=\/wp\/v2\/types\/post"}],"author":[{"embeddable":true,"href":"https:\/\/urfamagazin.com\/index.php?rest_route=\/wp\/v2\/users\/1"}],"replies":[{"embeddable":true,"href":"https:\/\/urfamagazin.com\/index.php?rest_route=%2Fwp%2Fv2%2Fcomments&post=4765"}],"version-history":[{"count":0,"href":"https:\/\/urfamagazin.com\/index.php?rest_route=\/wp\/v2\/posts\/4765\/revisions"}],"wp:attachment":[{"href":"https:\/\/urfamagazin.com\/index.php?rest_route=%2Fwp%2Fv2%2Fmedia&parent=4765"}],"wp:term":[{"taxonomy":"category","embeddable":true,"href":"https:\/\/urfamagazin.com\/index.php?rest_route=%2Fwp%2Fv2%2Fcategories&post=4765"},{"taxonomy":"post_tag","embeddable":true,"href":"https:\/\/urfamagazin.com\/index.php?rest_route=%2Fwp%2Fv2%2Ftags&post=4765"}],"curies":[{"name":"wp","href":"https:\/\/api.w.org\/{rel}","templated":true}]}}