{"id":4769,"date":"2026-04-26T09:38:59","date_gmt":"2026-04-26T09:38:59","guid":{"rendered":"https:\/\/urfamagazin.com\/?p=4769"},"modified":"2026-04-26T09:38:59","modified_gmt":"2026-04-26T09:38:59","slug":"urfada-tamir-icin-getirilen-telefon-patladi-o-anlar-kamerada","status":"publish","type":"post","link":"https:\/\/urfamagazin.com\/?p=4769","title":{"rendered":"Urfa&#8217;da tamir i\u00e7in getirilen telefon patlad\u0131: O anlar kamerada"},"content":{"rendered":"<p>Edinilen bilgiye g\u00f6re olay, \u015eanl\u0131urfa&#8217;n\u0131n Viran\u015fehir il\u00e7esine ba\u011fl\u0131 K\u0131\u015fla Mahallesi Askerlik \u015eubesi Caddesi \u00fczerinde ya\u015fand\u0131. \u0130ddiaya g\u00f6re tamir s\u00fcreci devam eden telefon, \u015farj cihaz\u0131na ba\u011fl\u0131 oldu\u011fu s\u0131rada hen\u00fcz bilinmeyen bir nedenle \u0131s\u0131nd\u0131 ve k\u0131sa s\u00fcre i\u00e7inde alevler y\u00fckselmeye ba\u015flad\u0131. Telefonun bulundu\u011fu masa \u00fczerinde ba\u015flayan yang\u0131n, d\u00fckk\u00e2n i\u00e7inde pani\u011fe neden oldu.<\/p>\n<p><img loading=\"lazy\" decoding=\"async\" alt=\"Urfa'da tamir i\u00e7in getirilen telefon patlad\u0131: O anlar kamerada\" class=\"mx-auto max-w-full h-auto shadow-sm\" height=\"667\" src=\"https:\/\/www.urfahaber.com\/images\/uploads\/2026\/04\/22-69eddcef122d4.jpg\" width=\"944\" \/><\/p>\n<h2>\u00c7ALI\u015eANLAR M\u00dcDAHALE ETT\u0130<\/h2>\n<p>Yang\u0131na ilk m\u00fcdahaleyi d\u00fckk\u00e2n \u00e7al\u0131\u015fanlar\u0131 yapt\u0131. Alevlerin b\u00fcy\u00fcmesini engellemek i\u00e7in h\u0131zl\u0131 hareket eden bir \u00e7al\u0131\u015fan, yanan telefonu alarak yere att\u0131. Telefonun ah\u015fap masa \u00fczerinde daha fazla yay\u0131lmas\u0131n\u0131 \u00f6nleyen bu m\u00fcdahale sayesinde d\u00fckk\u00e2n tamamen yanmaktan kurtuldu.<\/p>\n<p><img loading=\"lazy\" decoding=\"async\" alt=\"Urfa'da tamir i\u00e7in getirilen telefon patlad\u0131: O anlar kamerada\" class=\"mx-auto max-w-full h-auto shadow-sm\" height=\"663\" src=\"https:\/\/www.urfahaber.com\/images\/uploads\/2026\/04\/33-69eddcf983d79.jpg\" width=\"945\" \/><\/p>\n<h2>PAN\u0130K KAMERAYA YANSIDI<\/h2>\n<p>Olay an\u0131 d\u00fckk\u00e2n i\u00e7indeki g\u00fcvenlik kameras\u0131na saniye saniye yans\u0131d\u0131. G\u00f6r\u00fcnt\u00fclerde, telefonun alev almas\u0131yla birlikte ya\u015fanan panik, \u00e7al\u0131\u015fanlar\u0131n h\u0131zl\u0131 refleksi ve k\u00fc\u00e7\u00fck \u00e7ocu\u011fun korkuyla ka\u00e7\u0131\u015f\u0131 net bir \u015fekilde g\u00f6r\u00fcld\u00fc.<\/p>\n<p><img loading=\"lazy\" decoding=\"async\" alt=\"Urfa'da tamir i\u00e7in getirilen telefon patlad\u0131: O anlar kamerada\" class=\"mx-auto max-w-full h-auto shadow-sm\" height=\"666\" src=\"https:\/\/www.urfahaber.com\/images\/uploads\/2026\/04\/11-69eddd0b4ec1b.jpg\" width=\"948\" \/><\/p>\n<p>Olayla ilgili herhangi bir yaralanma ya\u015fanmazken, d\u00fckk\u00e2nda maddi hasar olu\u015ftu\u011fu \u00f6\u011frenildi. Telefonun neden alev ald\u0131\u011f\u0131 ise yap\u0131lacak incelemelerin ard\u0131ndan netlik kazanacak.<\/p>\n<p>Kaynak: \u0130HA<\/p>\n<p>\u00a0<\/p>\n","protected":false},"excerpt":{"rendered":"<p>Edinilen bilgiye g\u00f6re olay, \u015eanl\u0131urfa&#8217;n\u0131n Viran\u015fehir il\u00e7esine ba\u011fl\u0131 K\u0131\u015fla Mahallesi Askerlik \u015eubesi Caddesi \u00fczerinde ya\u015fand\u0131&#8230;.<\/p>\n","protected":false},"author":1,"featured_media":4770,"comment_status":"closed","ping_status":"closed","sticky":false,"template":"","format":"standard","meta":{"footnotes":""},"categories":[1],"tags":[],"class_list":["post-4769","post","type-post","status-publish","format-standard","has-post-thumbnail","hentry","category-guncel-haberler"],"_links":{"self":[{"href":"https:\/\/urfamagazin.com\/index.php?rest_route=\/wp\/v2\/posts\/4769","targetHints":{"allow":["GET"]}}],"collection":[{"href":"https:\/\/urfamagazin.com\/index.php?rest_route=\/wp\/v2\/posts"}],"about":[{"href":"https:\/\/urfamagazin.com\/index.php?rest_route=\/wp\/v2\/types\/post"}],"author":[{"embeddable":true,"href":"https:\/\/urfamagazin.com\/index.php?rest_route=\/wp\/v2\/users\/1"}],"replies":[{"embeddable":true,"href":"https:\/\/urfamagazin.com\/index.php?rest_route=%2Fwp%2Fv2%2Fcomments&post=4769"}],"version-history":[{"count":0,"href":"https:\/\/urfamagazin.com\/index.php?rest_route=\/wp\/v2\/posts\/4769\/revisions"}],"wp:featuredmedia":[{"embeddable":true,"href":"https:\/\/urfamagazin.com\/index.php?rest_route=\/wp\/v2\/media\/4770"}],"wp:attachment":[{"href":"https:\/\/urfamagazin.com\/index.php?rest_route=%2Fwp%2Fv2%2Fmedia&parent=4769"}],"wp:term":[{"taxonomy":"category","embeddable":true,"href":"https:\/\/urfamagazin.com\/index.php?rest_route=%2Fwp%2Fv2%2Fcategories&post=4769"},{"taxonomy":"post_tag","embeddable":true,"href":"https:\/\/urfamagazin.com\/index.php?rest_route=%2Fwp%2Fv2%2Ftags&post=4769"}],"curies":[{"name":"wp","href":"https:\/\/api.w.org\/{rel}","templated":true}]}}