{"id":4776,"date":"2026-04-26T10:59:47","date_gmt":"2026-04-26T10:59:47","guid":{"rendered":"https:\/\/urfamagazin.com\/?p=4776"},"modified":"2026-04-26T10:59:47","modified_gmt":"2026-04-26T10:59:47","slug":"depremde-is-yerini-kaybeden-kadinlar-yeniden-uretime-basladi","status":"publish","type":"post","link":"https:\/\/urfamagazin.com\/?p=4776","title":{"rendered":"Depremde i\u015f yerini kaybeden kad\u0131nlar yeniden \u00fcretime ba\u015flad\u0131"},"content":{"rendered":"<p>Ad\u0131yaman Esnaf ve Sanatkarlar\u0131 Odalar\u0131 Birli\u011finin, UNDP i\u015fbirli\u011fi ile Depremden en \u00e7ok etkilenen illerde i\u015f s\u00fcreklili\u011fi destek program\u0131 kapsam\u0131nda hayata ge\u00e7irdi\u011fi projeye Fransa H\u00fck\u00fcmeti ve TESK katk\u0131 sa\u011fl\u0131yor.<\/p>\n<p>Ad\u0131yaman Yeni Mahalle&#8217;de 2 bin 560 metrekare \u00fczerine kurulan merkezde Ad\u0131yaman&#8217;\u0131n y\u00f6resel k\u0131yafetleriyle yap\u0131lan Besi Bebekler, bask\u0131l\u0131 yazmalar, bak\u0131r i\u015flemecili\u011fi, ah\u015fap oymac\u0131l\u0131\u011f\u0131, Nemrut heykellerinin yap\u0131ld\u0131\u011f\u0131 at\u00f6lyeler kuruldu.<\/p>\n<p>6 \u015eubat Depremlerinde i\u015f yerlerini kaybetmi\u015f dezavantajl\u0131 kad\u0131nlar ve unutulmaya y\u00fcz tutmu\u015f meslek ustalar\u0131 i\u00e7in a\u00e7\u0131lan merkezde, el eme\u011fi g\u00f6z nuru olan birbirinden de\u011ferli eserler ortaya \u00e7\u0131kart\u0131l\u0131yor.<\/p>\n<p><img loading=\"lazy\" decoding=\"async\" alt=\"G\u00f6rsel\" class=\"mx-auto max-w-full h-auto shadow-sm\" height=\"473\" src=\"https:\/\/www.urfahaber.com\/images\/uploads\/2026\/04\/deprem-ara1-69edef9e85111.jpg\" width=\"841\" \/><\/p>\n<p>\u00c7al\u0131\u015fmalarla ilgili bilgi veren Ad\u0131yaman Esnaf ve Sanatkarlar Odalar Birli\u011fi Ba\u015fkan\u0131 Ziya Duranay, &#8220;Burada dezavantajl\u0131, i\u015fini kaybeden kad\u0131nlar\u0131m\u0131za fiziki anlamda yer tahsis ettik. Ad\u0131yaman&#8217;da unutulmaya y\u00fcz tutmu\u015f meslekleri tan\u0131tmak i\u00e7in, Ad\u0131yaman&#8217;\u0131m\u0131z\u0131n o k\u00fclt\u00fcr\u00fcn\u00fc, o mesleklerin icra etmek i\u00e7in bayan arkada\u015flar\u0131m\u0131z mesleklerini burada icra etmekteler&#8221; dedi.<\/p>\n<p>Bak\u0131r \u0130\u015flemecili\u011fi Ustas\u0131, E\u011fitmen P\u0131nar \u00c7elik ise konu\u015fmas\u0131nda, &#8220;Depremden \u00f6nce Ad\u0131yaman&#8217;da kendi evimde, vergi muafiyet belgem vard\u0131. Evimde \u00fcretim yap\u0131yordum yani \u00fcr\u00fcn sat\u0131\u015f\u0131n\u0131 yap\u0131yordum. 6 \u015eubat depreminde ev y\u0131k\u0131ld\u0131. B\u00fct\u00fcn e\u015fyalar\u0131m hepsi enkaz alt\u0131nda kald\u0131. Depremden sonra esnaf odas\u0131 birli\u011fi ile UNDP&#8217;nin yapt\u0131\u011f\u0131 bir projede unutulmaya y\u00fcz tutmu\u015f meslekleri bir araya getirip burada biz \u015fimdi i\u015flerimizi devam ettiriyoruz. Onlarla beraber \u00e7al\u0131\u015f\u0131yoruz yani&#8221; \u015feklinde konu\u015ftu.<\/p>\n<p><img loading=\"lazy\" decoding=\"async\" alt=\"G\u00f6rsel\" class=\"mx-auto max-w-full h-auto shadow-sm\" height=\"491\" src=\"https:\/\/www.urfahaber.com\/images\/uploads\/2026\/04\/deprem-ar2-69edefaf09a19.jpg\" width=\"873\" \/><\/p>\n<p>K\u00fclt\u00fcr Bakanl\u0131\u011f\u0131 Geleneksel El Sanatlar\u0131 Ustas\u0131 ve Besi Bebek \u00dcreticisi Zahide Durmaz Akar ise, &#8220;Besi, benim anneannemin ismidir. Anneannem geleneksel giyinirdi. Beni o b\u00fcy\u00fctt\u00fc. O \u00f6ld\u00fckten sonra onun ad\u0131n\u0131 da bebeklerime vererek b\u00fct\u00fcn d\u00fcnyaya tan\u0131tmaya ba\u015flad\u0131m. Besi Bebekler bir\u00e7ok d\u00fcnya \u00fclkesinde T\u00fcrkiye&#8217;yi ve Ad\u0131yaman&#8217;\u0131 tan\u0131tt\u0131. Yok olmaya y\u00fcz tutmu\u015f geleneksel k\u0131yafetlerimizi gelece\u011fe ta\u015f\u0131yarak ge\u00e7mi\u015f ile gelecek aras\u0131nda bir k\u00f6pr\u00fc kurmaya \u00e7al\u0131\u015f\u0131yorum. 6 \u015eubat depreminde i\u015f yerimiz, at\u00f6lyemiz enkaz oldu maalesef. \u00dcr\u00fcn \u00fcretimini durdurduk. Hi\u00e7bir \u015feyimiz yoktu. Makine ekipman\u0131m\u0131z hi\u00e7 kalmad\u0131. Ham maddemiz s\u0131f\u0131rland\u0131. Ancak esnaf odalar birli\u011finin deprem sonras\u0131 yapm\u0131\u015f oldu\u011fu bir proje ile bize bu merkez yap\u0131ld\u0131. Tekrar \u00fcretime ba\u015flad\u0131k. Makine ekipman\u0131 edindik. \u00dcretimimiz \u015fu an bir arada devam ediyor&#8221; diye konu\u015ftu.<\/p>\n","protected":false},"excerpt":{"rendered":"<p>Ad\u0131yaman Esnaf ve Sanatkarlar\u0131 Odalar\u0131 Birli\u011finin, UNDP i\u015fbirli\u011fi ile Depremden en \u00e7ok etkilenen illerde i\u015f&#8230;<\/p>\n","protected":false},"author":1,"featured_media":4777,"comment_status":"closed","ping_status":"closed","sticky":false,"template":"","format":"standard","meta":{"footnotes":""},"categories":[1],"tags":[],"class_list":["post-4776","post","type-post","status-publish","format-standard","has-post-thumbnail","hentry","category-guncel-haberler"],"_links":{"self":[{"href":"https:\/\/urfamagazin.com\/index.php?rest_route=\/wp\/v2\/posts\/4776","targetHints":{"allow":["GET"]}}],"collection":[{"href":"https:\/\/urfamagazin.com\/index.php?rest_route=\/wp\/v2\/posts"}],"about":[{"href":"https:\/\/urfamagazin.com\/index.php?rest_route=\/wp\/v2\/types\/post"}],"author":[{"embeddable":true,"href":"https:\/\/urfamagazin.com\/index.php?rest_route=\/wp\/v2\/users\/1"}],"replies":[{"embeddable":true,"href":"https:\/\/urfamagazin.com\/index.php?rest_route=%2Fwp%2Fv2%2Fcomments&post=4776"}],"version-history":[{"count":0,"href":"https:\/\/urfamagazin.com\/index.php?rest_route=\/wp\/v2\/posts\/4776\/revisions"}],"wp:featuredmedia":[{"embeddable":true,"href":"https:\/\/urfamagazin.com\/index.php?rest_route=\/wp\/v2\/media\/4777"}],"wp:attachment":[{"href":"https:\/\/urfamagazin.com\/index.php?rest_route=%2Fwp%2Fv2%2Fmedia&parent=4776"}],"wp:term":[{"taxonomy":"category","embeddable":true,"href":"https:\/\/urfamagazin.com\/index.php?rest_route=%2Fwp%2Fv2%2Fcategories&post=4776"},{"taxonomy":"post_tag","embeddable":true,"href":"https:\/\/urfamagazin.com\/index.php?rest_route=%2Fwp%2Fv2%2Ftags&post=4776"}],"curies":[{"name":"wp","href":"https:\/\/api.w.org\/{rel}","templated":true}]}}