{"id":4778,"date":"2026-04-26T11:43:50","date_gmt":"2026-04-26T11:43:50","guid":{"rendered":"https:\/\/urfamagazin.com\/?p=4778"},"modified":"2026-04-26T11:43:50","modified_gmt":"2026-04-26T11:43:50","slug":"dem-parti-milletvekili-ayandan-misir-ekimi-yasagina-tepki","status":"publish","type":"post","link":"https:\/\/urfamagazin.com\/?p=4778","title":{"rendered":"DEM Parti Milletvekili Ayan&#8217;dan m\u0131s\u0131r ekimi yasa\u011f\u0131na tepki!"},"content":{"rendered":"<p>DEM Parti \u015eanl\u0131urfa Milletvekili Dilan Kunt Ayan, Viran\u015fehir il\u00e7esinde \u00f6nceki y\u0131llarda kurakl\u0131k gerek\u00e7esiyle ba\u015flat\u0131lan ancak bu y\u0131lki ya\u011f\u0131\u015fl\u0131 sezona ra\u011fmen s\u00fcrd\u00fcr\u00fclen m\u0131s\u0131r ekimi yasa\u011f\u0131na ili\u015fkin a\u00e7\u0131klamalarda bulundu.<\/p>\n<p>Tar\u0131m kenti \u015eanl\u0131urfa&#8217;da \u00e7ift\u00e7ilerin ya\u015fad\u0131\u011f\u0131 sorunlara de\u011finen Ayan, b\u00f6lge \u00fcreticisinin yaln\u0131z b\u0131rak\u0131ld\u0131\u011f\u0131n\u0131 belirtti.<\/p>\n<p><strong>&#8220;BEREKETL\u0130 YA\u011eI\u015eLARA RA\u011eMEN YASAK S\u00dcR\u00dcYOR&#8221;<\/strong><\/p>\n<p>\u015eanl\u0131urfa&#8217;n\u0131n T\u00fcrkiye&#8217;nin en b\u00fcy\u00fck tar\u0131m arazilerine sahip kentlerinden biri oldu\u011funu hat\u0131rlatan Ayan, ge\u00e7mi\u015f y\u0131llarda su kaynaklar\u0131n\u0131n azalmas\u0131 gerek\u00e7esiyle getirilen yasa\u011f\u0131n, mevcut \u015fartlarda \u00fcreticiyi ma\u011fdur etti\u011fini vurgulad\u0131.<\/p>\n<p>Bu y\u0131l ya\u011f\u0131\u015flar\u0131n bereketli ge\u00e7ti\u011fini belirten Ayan, &#8220;Ama bu yasaklaman\u0131n h\u00e2l\u00e2 devam etti\u011fini ve \u00e7ift\u00e7iye hi\u00e7bir a\u00e7\u0131klama yapmaks\u0131z\u0131n bunu s\u00fcrd\u00fcrmek isteyen bir tar\u0131m politikas\u0131 oldu\u011funu g\u00f6rebiliyoruz&#8221; diyerek duruma tepki g\u00f6sterdi.<\/p>\n<p><strong>&#8220;\u00c7\u0130FT\u00c7\u0130 NEDEN KEND\u0130 \u00dcR\u00dcN\u00dcN\u00dc EKEMES\u0130N?&#8221;<\/strong><\/p>\n<p>Tar\u0131msal \u00fcretimde artan girdi maliyetlerinin \u00e7ift\u00e7iyi zorlad\u0131\u011f\u0131na dikkat \u00e7eken Ayan; elektrik, su, mazot ve g\u00fcbre fiyatlar\u0131ndaki art\u0131\u015fa i\u015faret etti. \u00c7ift\u00e7inin her ge\u00e7en g\u00fcn daha da zorland\u0131\u011f\u0131n\u0131 ifade eden Ayan, Tar\u0131m ve Orman Bakanl\u0131\u011f\u0131&#8217;na seslenerek yasa\u011f\u0131n gerek\u00e7esini sordu.<\/p>\n<p>\u0130kinci \u00fcr\u00fcn m\u0131s\u0131r ekimi yasa\u011f\u0131n\u0131n derhal kald\u0131r\u0131lmas\u0131 \u00e7a\u011fr\u0131s\u0131nda bulunan Ayan, yetkilileri \u00e7ift\u00e7ilerin taleplerine kulak vermeye ve \u00fcreticiye engel de\u011fil, destek olmaya davet etti.<\/p>\n","protected":false},"excerpt":{"rendered":"<p>DEM Parti \u015eanl\u0131urfa Milletvekili Dilan Kunt Ayan, Viran\u015fehir il\u00e7esinde \u00f6nceki y\u0131llarda kurakl\u0131k gerek\u00e7esiyle ba\u015flat\u0131lan ancak&#8230;<\/p>\n","protected":false},"author":1,"featured_media":0,"comment_status":"closed","ping_status":"closed","sticky":false,"template":"","format":"standard","meta":{"footnotes":""},"categories":[1],"tags":[],"class_list":["post-4778","post","type-post","status-publish","format-standard","hentry","category-guncel-haberler"],"_links":{"self":[{"href":"https:\/\/urfamagazin.com\/index.php?rest_route=\/wp\/v2\/posts\/4778","targetHints":{"allow":["GET"]}}],"collection":[{"href":"https:\/\/urfamagazin.com\/index.php?rest_route=\/wp\/v2\/posts"}],"about":[{"href":"https:\/\/urfamagazin.com\/index.php?rest_route=\/wp\/v2\/types\/post"}],"author":[{"embeddable":true,"href":"https:\/\/urfamagazin.com\/index.php?rest_route=\/wp\/v2\/users\/1"}],"replies":[{"embeddable":true,"href":"https:\/\/urfamagazin.com\/index.php?rest_route=%2Fwp%2Fv2%2Fcomments&post=4778"}],"version-history":[{"count":0,"href":"https:\/\/urfamagazin.com\/index.php?rest_route=\/wp\/v2\/posts\/4778\/revisions"}],"wp:attachment":[{"href":"https:\/\/urfamagazin.com\/index.php?rest_route=%2Fwp%2Fv2%2Fmedia&parent=4778"}],"wp:term":[{"taxonomy":"category","embeddable":true,"href":"https:\/\/urfamagazin.com\/index.php?rest_route=%2Fwp%2Fv2%2Fcategories&post=4778"},{"taxonomy":"post_tag","embeddable":true,"href":"https:\/\/urfamagazin.com\/index.php?rest_route=%2Fwp%2Fv2%2Ftags&post=4778"}],"curies":[{"name":"wp","href":"https:\/\/api.w.org\/{rel}","templated":true}]}}