{"id":4781,"date":"2026-04-26T13:10:53","date_gmt":"2026-04-26T13:10:53","guid":{"rendered":"https:\/\/urfamagazin.com\/?p=4781"},"modified":"2026-04-26T13:10:53","modified_gmt":"2026-04-26T13:10:53","slug":"suriyede-tarihi-dava-basladi","status":"publish","type":"post","link":"https:\/\/urfamagazin.com\/?p=4781","title":{"rendered":"Suriye&#8217;de tarihi dava ba\u015flad\u0131!"},"content":{"rendered":"<p>Suriye\u2019de devrik rejimin lideri Be\u015f\u015far Esad ile karde\u015fi Mahir Esad&#8217;\u0131n hakk\u0131nda g\u0131yabi yarg\u0131lama s\u00fcreci ba\u015fkent \u015eam\u2019da ba\u015flad\u0131. Adalet Saray\u0131\u2019ndaki D\u00f6rd\u00fcnc\u00fc Ceza Mahkemesi\u2019nde g\u00f6r\u00fclen duru\u015fmada, \u00fcst d\u00fczey askeri ve g\u00fcvenlik yetkililerinin isimleri de yer ald\u0131. Duru\u015fmada, Be\u015f\u015far Esad ve Mahir Esad&#8217;\u0131n yan\u0131 s\u0131ra Muhammed Eymen Ayyu\u015f, eski Savunma Bakan\u0131 Fahdi Casem el-Freyic, Dera askeri istihbarat ba\u015fkan\u0131 Luay al-Ali, Dera istihbarat \u015fubesi ba\u015fkan\u0131 Fevik Nas\u0131r ile komutan Talal H\u00fcseyin\u2019in isimlerinin ge\u00e7ti\u011fi kaydedildi.<\/p>\n<p>\u0130smi ge\u00e7en ki\u015filerin tamam\u0131n\u0131n yurt d\u0131\u015f\u0131na ka\u00e7t\u0131\u011f\u0131 ve bu nedenle haklar\u0131nda g\u0131yabi yarg\u0131lama y\u00fcr\u00fct\u00fcld\u00fc\u011f\u00fc, mahkemenin ilgili mevzuat kapsam\u0131nda haklar\u0131nda tebligat s\u00fcrecini ba\u015flataca\u011f\u0131 belirtildi.<\/p>\n<p>Kaynak: DHA<\/p>\n","protected":false},"excerpt":{"rendered":"<p>Suriye\u2019de devrik rejimin lideri Be\u015f\u015far Esad ile karde\u015fi Mahir Esad&#8217;\u0131n hakk\u0131nda g\u0131yabi yarg\u0131lama s\u00fcreci ba\u015fkent&#8230;<\/p>\n","protected":false},"author":1,"featured_media":0,"comment_status":"closed","ping_status":"closed","sticky":false,"template":"","format":"standard","meta":{"footnotes":""},"categories":[1],"tags":[],"class_list":["post-4781","post","type-post","status-publish","format-standard","hentry","category-guncel-haberler"],"_links":{"self":[{"href":"https:\/\/urfamagazin.com\/index.php?rest_route=\/wp\/v2\/posts\/4781","targetHints":{"allow":["GET"]}}],"collection":[{"href":"https:\/\/urfamagazin.com\/index.php?rest_route=\/wp\/v2\/posts"}],"about":[{"href":"https:\/\/urfamagazin.com\/index.php?rest_route=\/wp\/v2\/types\/post"}],"author":[{"embeddable":true,"href":"https:\/\/urfamagazin.com\/index.php?rest_route=\/wp\/v2\/users\/1"}],"replies":[{"embeddable":true,"href":"https:\/\/urfamagazin.com\/index.php?rest_route=%2Fwp%2Fv2%2Fcomments&post=4781"}],"version-history":[{"count":0,"href":"https:\/\/urfamagazin.com\/index.php?rest_route=\/wp\/v2\/posts\/4781\/revisions"}],"wp:attachment":[{"href":"https:\/\/urfamagazin.com\/index.php?rest_route=%2Fwp%2Fv2%2Fmedia&parent=4781"}],"wp:term":[{"taxonomy":"category","embeddable":true,"href":"https:\/\/urfamagazin.com\/index.php?rest_route=%2Fwp%2Fv2%2Fcategories&post=4781"},{"taxonomy":"post_tag","embeddable":true,"href":"https:\/\/urfamagazin.com\/index.php?rest_route=%2Fwp%2Fv2%2Ftags&post=4781"}],"curies":[{"name":"wp","href":"https:\/\/api.w.org\/{rel}","templated":true}]}}