{"id":4784,"date":"2026-04-26T13:35:31","date_gmt":"2026-04-26T13:35:31","guid":{"rendered":"https:\/\/urfamagazin.com\/?p=4784"},"modified":"2026-04-26T13:35:31","modified_gmt":"2026-04-26T13:35:31","slug":"harran-universitesinde-odul-toreni-sanghay-yolculari-netlesti","status":"publish","type":"post","link":"https:\/\/urfamagazin.com\/?p=4784","title":{"rendered":"Harran \u00dcniversitesi&#8217;nde \u00f6d\u00fcl t\u00f6reni: \u015eanghay yolcular\u0131 netle\u015fti!"},"content":{"rendered":"<p>T\u00fcrkiye ile \u00c7in Halk Cumhuriyeti aras\u0131ndaki diplomatik ili\u015fkilerin 55. y\u0131l\u0131 etkinlikleri kapsam\u0131nda, Harran \u00dcniversitesi \u00f6\u011frencileri aras\u0131nda bir yar\u0131\u015fma ger\u00e7ekle\u015ftirildi.<\/p>\n<p>Yar\u0131\u015fma sonucunda birinci olan ilk 3 \u00f6\u011frenci, \u00c7in&#8217;in \u015eanghay kentine bir haftal\u0131k gezi \u00f6d\u00fcl\u00fc kazand\u0131. Kendi b\u00f6l\u00fcmlerinde ikinci olan \u00f6\u011frencilere 60 bin TL, \u00fc\u00e7\u00fcnc\u00fc olan \u00f6\u011frencilere ise 40 bin TL para \u00f6d\u00fcl\u00fc verilece\u011fi belirtildi.<\/p>\n<p>S\u00f6z konusu \u00f6d\u00fcllerin finansman\u0131, \u00c7in Halk Cumhuriyeti misyonu taraf\u0131ndan kar\u015f\u0131land\u0131.<\/p>\n<p>\u00d6d\u00fcller, 27 Nisan 2026 Pazartesi g\u00fcn\u00fc saat 13.30&#8217;da Harran \u00dcniversitesi Osmanbey Kamp\u00fcs\u00fc Fen Edebiyat Fak\u00fcltesi&#8217;nde d\u00fczenlenecek t\u00f6renle sahiplerine teslim edilecek.<\/p>\n<p>Programa, \u00c7in Halk Cumhuriyeti Ankara B\u00fcy\u00fckel\u00e7ili\u011fi E\u011fitim ve K\u00fclt\u00fcr M\u00fcste\u015far\u0131 Meifen Zhou da kat\u0131lacak.<\/p>\n","protected":false},"excerpt":{"rendered":"<p>T\u00fcrkiye ile \u00c7in Halk Cumhuriyeti aras\u0131ndaki diplomatik ili\u015fkilerin 55. y\u0131l\u0131 etkinlikleri kapsam\u0131nda, Harran \u00dcniversitesi \u00f6\u011frencileri&#8230;<\/p>\n","protected":false},"author":1,"featured_media":0,"comment_status":"closed","ping_status":"closed","sticky":false,"template":"","format":"standard","meta":{"footnotes":""},"categories":[1],"tags":[],"class_list":["post-4784","post","type-post","status-publish","format-standard","hentry","category-guncel-haberler"],"_links":{"self":[{"href":"https:\/\/urfamagazin.com\/index.php?rest_route=\/wp\/v2\/posts\/4784","targetHints":{"allow":["GET"]}}],"collection":[{"href":"https:\/\/urfamagazin.com\/index.php?rest_route=\/wp\/v2\/posts"}],"about":[{"href":"https:\/\/urfamagazin.com\/index.php?rest_route=\/wp\/v2\/types\/post"}],"author":[{"embeddable":true,"href":"https:\/\/urfamagazin.com\/index.php?rest_route=\/wp\/v2\/users\/1"}],"replies":[{"embeddable":true,"href":"https:\/\/urfamagazin.com\/index.php?rest_route=%2Fwp%2Fv2%2Fcomments&post=4784"}],"version-history":[{"count":0,"href":"https:\/\/urfamagazin.com\/index.php?rest_route=\/wp\/v2\/posts\/4784\/revisions"}],"wp:attachment":[{"href":"https:\/\/urfamagazin.com\/index.php?rest_route=%2Fwp%2Fv2%2Fmedia&parent=4784"}],"wp:term":[{"taxonomy":"category","embeddable":true,"href":"https:\/\/urfamagazin.com\/index.php?rest_route=%2Fwp%2Fv2%2Fcategories&post=4784"},{"taxonomy":"post_tag","embeddable":true,"href":"https:\/\/urfamagazin.com\/index.php?rest_route=%2Fwp%2Fv2%2Ftags&post=4784"}],"curies":[{"name":"wp","href":"https:\/\/api.w.org\/{rel}","templated":true}]}}