{"id":4793,"date":"2026-04-27T04:57:30","date_gmt":"2026-04-27T04:57:30","guid":{"rendered":"https:\/\/urfamagazin.com\/?p=4793"},"modified":"2026-04-27T04:57:30","modified_gmt":"2026-04-27T04:57:30","slug":"urfada-otomobil-sarampole-uctu-cok-sayida-yarali-var","status":"publish","type":"post","link":"https:\/\/urfamagazin.com\/?p=4793","title":{"rendered":"Urfa&#8217;da otomobil \u015farampole u\u00e7tu: \u00c7ok say\u0131da yaral\u0131 var"},"content":{"rendered":"<p>\u015eanl\u0131urfa&#8217;n\u0131n Siverek il\u00e7esinde s\u00fcr\u00fcc\u00fcs\u00fcn\u00fcn direksiyon hakimiyetini kaybetti\u011fi otomobil, yakla\u015f\u0131k 10 metre y\u00fckseklikten \u015farampole u\u00e7tu. Kazada ayn\u0131 aileden 5 ki\u015fi yaraland\u0131<\/p>\n<p><img loading=\"lazy\" decoding=\"async\" alt=\"G\u00f6rsel\" class=\"mx-auto max-w-full h-auto shadow-sm\" height=\"675\" src=\"https:\/\/www.urfahaber.com\/images\/uploads\/2026\/04\/siverek-69eeec6482ca7.jpg\" width=\"1200\" \/><\/p>\n<p>Kaza, gece ge\u00e7 saatlerde Siverek-\u015eanl\u0131urfa kara yolunun 5. kilometresinde meydana geldi. Edinilen bilgilere g\u00f6re, s\u00fcr\u00fcs\u00fcn\u00fcn direksiyon hakimiyetini kaybetti\u011fi otomobil, yakla\u015f\u0131k 10 metre y\u00fckseklikten \u015farampole u\u00e7tu. Kazada ayn\u0131 aileden A.A. (68), R.A. (22), H.A. (21), A.A. (2) ve M.A. (29) yaraland\u0131. Kaza ihbar\u0131 \u00fczerine olay yerine \u00e7ok say\u0131da sa\u011fl\u0131k, itfaiye ve polis ekipleri sevk edildi.<\/p>\n<p><img loading=\"lazy\" decoding=\"async\" alt=\"G\u00f6rsel\" class=\"mx-auto max-w-full h-auto shadow-sm\" height=\"626\" src=\"https:\/\/www.urfahaber.com\/images\/uploads\/2026\/04\/siverek-ara2-69eeec809d0d1.jpg\" width=\"835\" \/><\/p>\n<p>\u0130tfaiye ekipleri taraf\u0131ndan yakla\u015f\u0131k 10 metre a\u015fa\u011f\u0131da bulunan yaral\u0131lar, halat yard\u0131m\u0131yla bulunduklar\u0131 yerden \u00e7\u0131kar\u0131larak sa\u011fl\u0131k ekiplerine teslim edildi. \u0130lk m\u00fcdahaleleri olay yerinde yap\u0131lan yaral\u0131lar, ambulanslarla hastaneye sevk edilerek tedavi alt\u0131na al\u0131nd\u0131.<\/p>\n<p><img loading=\"lazy\" decoding=\"async\" alt=\"G\u00f6rsel\" class=\"mx-auto max-w-full h-auto shadow-sm\" height=\"629\" src=\"https:\/\/www.urfahaber.com\/images\/uploads\/2026\/04\/siverek-arar1-69eeec8f51f9d.jpg\" width=\"839\" \/><\/p>\n<p>Kazayla ilgili inceleme ba\u015flat\u0131ld\u0131.<\/p>\n<p>Kaynak: \u0130HA<\/p>\n","protected":false},"excerpt":{"rendered":"<p>\u015eanl\u0131urfa&#8217;n\u0131n Siverek il\u00e7esinde s\u00fcr\u00fcc\u00fcs\u00fcn\u00fcn direksiyon hakimiyetini kaybetti\u011fi otomobil, yakla\u015f\u0131k 10 metre y\u00fckseklikten \u015farampole u\u00e7tu. Kazada&#8230;<\/p>\n","protected":false},"author":1,"featured_media":4794,"comment_status":"closed","ping_status":"closed","sticky":false,"template":"","format":"standard","meta":{"footnotes":""},"categories":[1],"tags":[],"class_list":["post-4793","post","type-post","status-publish","format-standard","has-post-thumbnail","hentry","category-guncel-haberler"],"_links":{"self":[{"href":"https:\/\/urfamagazin.com\/index.php?rest_route=\/wp\/v2\/posts\/4793","targetHints":{"allow":["GET"]}}],"collection":[{"href":"https:\/\/urfamagazin.com\/index.php?rest_route=\/wp\/v2\/posts"}],"about":[{"href":"https:\/\/urfamagazin.com\/index.php?rest_route=\/wp\/v2\/types\/post"}],"author":[{"embeddable":true,"href":"https:\/\/urfamagazin.com\/index.php?rest_route=\/wp\/v2\/users\/1"}],"replies":[{"embeddable":true,"href":"https:\/\/urfamagazin.com\/index.php?rest_route=%2Fwp%2Fv2%2Fcomments&post=4793"}],"version-history":[{"count":0,"href":"https:\/\/urfamagazin.com\/index.php?rest_route=\/wp\/v2\/posts\/4793\/revisions"}],"wp:featuredmedia":[{"embeddable":true,"href":"https:\/\/urfamagazin.com\/index.php?rest_route=\/wp\/v2\/media\/4794"}],"wp:attachment":[{"href":"https:\/\/urfamagazin.com\/index.php?rest_route=%2Fwp%2Fv2%2Fmedia&parent=4793"}],"wp:term":[{"taxonomy":"category","embeddable":true,"href":"https:\/\/urfamagazin.com\/index.php?rest_route=%2Fwp%2Fv2%2Fcategories&post=4793"},{"taxonomy":"post_tag","embeddable":true,"href":"https:\/\/urfamagazin.com\/index.php?rest_route=%2Fwp%2Fv2%2Ftags&post=4793"}],"curies":[{"name":"wp","href":"https:\/\/api.w.org\/{rel}","templated":true}]}}