{"id":4795,"date":"2026-04-27T04:59:31","date_gmt":"2026-04-27T04:59:31","guid":{"rendered":"https:\/\/urfamagazin.com\/?p=4795"},"modified":"2026-04-27T04:59:31","modified_gmt":"2026-04-27T04:59:31","slug":"sanliurfada-galibiyet-coskusu","status":"publish","type":"post","link":"https:\/\/urfamagazin.com\/?p=4795","title":{"rendered":"\u015eanl\u0131urfa&#8217;da galibiyet co\u015fkusu!"},"content":{"rendered":"<p>Trendyol S\u00fcper Lig&#8217;de Galatasaray&#8217;\u0131n Fenerbah\u00e7e&#8217;yi 3-0 yenmesini \u015eanl\u0131urfa&#8217;da co\u015fkuyla kutland\u0131.<\/p>\n<p><img loading=\"lazy\" decoding=\"async\" alt=\"\u015eanl\u0131urfa'da galibiyet co\u015fkusu!\" class=\"mx-auto max-w-full h-auto shadow-sm\" height=\"675\" src=\"https:\/\/www.urfahaber.com\/images\/uploads\/2026\/04\/mac-69eeedeb9c520.jpg\" width=\"1200\" \/>Ma\u00e7\u0131n biti\u015f d\u00fcd\u00fc\u011f\u00fc ile birlikte d\u0131\u015far\u0131 \u00e7\u0131kan vatanda\u015flar, ara\u00e7lar\u0131yla konvoy olu\u015fturdu. Galatasaray&#8217;\u0131n renklerini ta\u015f\u0131yan bayraklar\u0131 sallayan taraftarlar, galibiyeti co\u015fkuyla kutlad\u0131.<\/p>\n<p><img loading=\"lazy\" decoding=\"async\" alt=\"\u015eanl\u0131urfa'da galibiyet co\u015fkusu!\" class=\"mx-auto max-w-full h-auto shadow-sm\" height=\"675\" src=\"https:\/\/www.urfahaber.com\/images\/uploads\/2026\/04\/kutlama-69eeedfd7c6d2.jpg\" width=\"1200\" \/>Kutlamalara Fenerbah\u00e7e formas\u0131 giyen baz\u0131 vatanda\u015flar\u0131n da kendi tak\u0131mlar\u0131n\u0131n bayraklar\u0131n\u0131 sallayarak kutlamalara kat\u0131lan e\u015flik ettikleri g\u00f6zlendi.<\/p>\n","protected":false},"excerpt":{"rendered":"<p>Trendyol S\u00fcper Lig&#8217;de Galatasaray&#8217;\u0131n Fenerbah\u00e7e&#8217;yi 3-0 yenmesini \u015eanl\u0131urfa&#8217;da co\u015fkuyla kutland\u0131. Ma\u00e7\u0131n biti\u015f d\u00fcd\u00fc\u011f\u00fc ile birlikte&#8230;<\/p>\n","protected":false},"author":1,"featured_media":4796,"comment_status":"closed","ping_status":"closed","sticky":false,"template":"","format":"standard","meta":{"footnotes":""},"categories":[1],"tags":[],"class_list":["post-4795","post","type-post","status-publish","format-standard","has-post-thumbnail","hentry","category-guncel-haberler"],"_links":{"self":[{"href":"https:\/\/urfamagazin.com\/index.php?rest_route=\/wp\/v2\/posts\/4795","targetHints":{"allow":["GET"]}}],"collection":[{"href":"https:\/\/urfamagazin.com\/index.php?rest_route=\/wp\/v2\/posts"}],"about":[{"href":"https:\/\/urfamagazin.com\/index.php?rest_route=\/wp\/v2\/types\/post"}],"author":[{"embeddable":true,"href":"https:\/\/urfamagazin.com\/index.php?rest_route=\/wp\/v2\/users\/1"}],"replies":[{"embeddable":true,"href":"https:\/\/urfamagazin.com\/index.php?rest_route=%2Fwp%2Fv2%2Fcomments&post=4795"}],"version-history":[{"count":0,"href":"https:\/\/urfamagazin.com\/index.php?rest_route=\/wp\/v2\/posts\/4795\/revisions"}],"wp:featuredmedia":[{"embeddable":true,"href":"https:\/\/urfamagazin.com\/index.php?rest_route=\/wp\/v2\/media\/4796"}],"wp:attachment":[{"href":"https:\/\/urfamagazin.com\/index.php?rest_route=%2Fwp%2Fv2%2Fmedia&parent=4795"}],"wp:term":[{"taxonomy":"category","embeddable":true,"href":"https:\/\/urfamagazin.com\/index.php?rest_route=%2Fwp%2Fv2%2Fcategories&post=4795"},{"taxonomy":"post_tag","embeddable":true,"href":"https:\/\/urfamagazin.com\/index.php?rest_route=%2Fwp%2Fv2%2Ftags&post=4795"}],"curies":[{"name":"wp","href":"https:\/\/api.w.org\/{rel}","templated":true}]}}