{"id":4797,"date":"2026-04-27T05:36:07","date_gmt":"2026-04-27T05:36:07","guid":{"rendered":"https:\/\/urfamagazin.com\/?p=4797"},"modified":"2026-04-27T05:36:07","modified_gmt":"2026-04-27T05:36:07","slug":"meteorolojiden-sanliurfa-dahil-bircok-il-icin-kritik-uyari","status":"publish","type":"post","link":"https:\/\/urfamagazin.com\/?p=4797","title":{"rendered":"Meteorolojiden \u015eanl\u0131urfa dahil bir\u00e7ok il i\u00e7in kritik uyar\u0131!"},"content":{"rendered":"<p>Meteoroloji Genel M\u00fcd\u00fcrl\u00fc\u011f\u00fc taraf\u0131ndan yap\u0131lan son de\u011ferlendirmelere g\u00f6re, T\u00fcrkiye genelinde par\u00e7al\u0131 ve \u00e7ok bulutlu bir hava etkili olacak.<\/p>\n<h2><strong>B\u0130R\u00c7OK B\u00d6LGEDE SA\u011eANAK YA\u011eI\u015eLAR ETK\u0130L\u0130 OLACAK<\/strong><\/h2>\n<p>\u00d6zellikle Orta ve Do\u011fu Akdeniz, Do\u011fu Karadeniz ile Do\u011fu ve G\u00fcneydo\u011fu Anadolu b\u00f6lgelerinde sa\u011fanak ve g\u00f6k g\u00fcr\u00fclt\u00fcl\u00fc sa\u011fanak ya\u011f\u0131\u015flar\u0131n g\u00f6r\u00fclmesi bekleniyor.<\/p>\n<h2><img loading=\"lazy\" decoding=\"async\" alt=\"Meteorolojiden \u015eanl\u0131urfa dahil bir\u00e7ok il i\u00e7in kritik uyar\u0131!\" class=\"mx-auto max-w-full h-auto shadow-sm\" height=\"784\" src=\"https:\/\/www.urfahaber.com\/images\/uploads\/2026\/04\/urfa-69eef63f93267.jpg\" width=\"1168\" \/><strong>\u015eANLIURFA&#8217;DA ARALIKLI SA\u011eANAK\u00a0<\/strong><\/h2>\n<p>G\u00fcneydo\u011fu Anadolu\u2019da yer alan \u015eanl\u0131urfa\u2019da da aral\u0131kl\u0131 sa\u011fanak ya\u011f\u0131\u015flar\u0131n etkili olaca\u011f\u0131 tahmin ediliyor.<\/p>\n<h2><strong>\u0130\u00c7 KES\u0130MLERDE DE YA\u011eI\u015e BEKLEN\u0130YOR<\/strong><\/h2>\n<p>Bununla birlikte Burdur, Karaman, Ni\u011fde, Nev\u015fehir, Aksaray, Kayseri, Sivas, Bolu, Tokat ve Ordu \u00e7evreleri ile Antalya ve Samsun\u2019un i\u00e7 kesimlerinde de yer yer ya\u011f\u0131\u015f g\u00f6r\u00fclece\u011fi \u00f6ng\u00f6r\u00fcl\u00fcyor.<\/p>\n<h2><strong>SICAKLIKLAR KUZEYDE D\u00dc\u015e\u00dcYOR<\/strong><\/h2>\n<p>Hava s\u0131cakl\u0131klar\u0131n\u0131n kuzey kesimlerde bir miktar azalaca\u011f\u0131, di\u011fer b\u00f6lgelerde ise \u00f6nemli bir de\u011fi\u015fiklik olmayarak mevsim normalleri civar\u0131nda seyredece\u011fi belirtiliyor.<\/p>\n<h2><img loading=\"lazy\" decoding=\"async\" alt=\"Meteorolojiden \u015eanl\u0131urfa dahil bir\u00e7ok il i\u00e7in kritik uyar\u0131!\" class=\"mx-auto max-w-full h-auto shadow-sm\" height=\"784\" src=\"https:\/\/www.urfahaber.com\/images\/uploads\/2026\/04\/ruzgar-69eef65305575.jpg\" width=\"1168\" \/><strong>R\u00dcZGAR KUZEYDEN ESECEK<\/strong><\/h2>\n<p>R\u00fczg\u00e2r\u0131n genel olarak kuzeyli y\u00f6nlerden hafif, zaman zaman ise orta kuvvette esmesi bekleniyor.<\/p>\n<h2><strong>\u00c7I\u011e VE KAR ER\u0130MES\u0130 UYARISI<\/strong><\/h2>\n<p>\u00d6te yandan Do\u011fu Karadeniz\u2019in i\u00e7 kesimlerinin y\u00fcksekleri ile Do\u011fu Anadolu\u2019nun do\u011fusunda, y\u00fcksek kar \u00f6rt\u00fcs\u00fcne sahip e\u011fimli alanlarda \u00e7\u0131\u011f ve kar erimesi riski bulunuyor.<\/p>\n<h2><strong>VATANDA\u015eA UYARI<\/strong><\/h2>\n<p>Yetkililer, bu b\u00f6lgelerde ya\u015fayan vatanda\u015flar\u0131n ve \u00f6zellikle da\u011fl\u0131k alanlara \u00e7\u0131kmay\u0131 planlayanlar\u0131n dikkatli ve tedbirli olmas\u0131 gerekti\u011fini vurguluyor.<\/p>\n","protected":false},"excerpt":{"rendered":"<p>Meteoroloji Genel M\u00fcd\u00fcrl\u00fc\u011f\u00fc taraf\u0131ndan yap\u0131lan son de\u011ferlendirmelere g\u00f6re, T\u00fcrkiye genelinde par\u00e7al\u0131 ve \u00e7ok bulutlu bir&#8230;<\/p>\n","protected":false},"author":1,"featured_media":4798,"comment_status":"closed","ping_status":"closed","sticky":false,"template":"","format":"standard","meta":{"footnotes":""},"categories":[1],"tags":[],"class_list":["post-4797","post","type-post","status-publish","format-standard","has-post-thumbnail","hentry","category-guncel-haberler"],"_links":{"self":[{"href":"https:\/\/urfamagazin.com\/index.php?rest_route=\/wp\/v2\/posts\/4797","targetHints":{"allow":["GET"]}}],"collection":[{"href":"https:\/\/urfamagazin.com\/index.php?rest_route=\/wp\/v2\/posts"}],"about":[{"href":"https:\/\/urfamagazin.com\/index.php?rest_route=\/wp\/v2\/types\/post"}],"author":[{"embeddable":true,"href":"https:\/\/urfamagazin.com\/index.php?rest_route=\/wp\/v2\/users\/1"}],"replies":[{"embeddable":true,"href":"https:\/\/urfamagazin.com\/index.php?rest_route=%2Fwp%2Fv2%2Fcomments&post=4797"}],"version-history":[{"count":0,"href":"https:\/\/urfamagazin.com\/index.php?rest_route=\/wp\/v2\/posts\/4797\/revisions"}],"wp:featuredmedia":[{"embeddable":true,"href":"https:\/\/urfamagazin.com\/index.php?rest_route=\/wp\/v2\/media\/4798"}],"wp:attachment":[{"href":"https:\/\/urfamagazin.com\/index.php?rest_route=%2Fwp%2Fv2%2Fmedia&parent=4797"}],"wp:term":[{"taxonomy":"category","embeddable":true,"href":"https:\/\/urfamagazin.com\/index.php?rest_route=%2Fwp%2Fv2%2Fcategories&post=4797"},{"taxonomy":"post_tag","embeddable":true,"href":"https:\/\/urfamagazin.com\/index.php?rest_route=%2Fwp%2Fv2%2Ftags&post=4797"}],"curies":[{"name":"wp","href":"https:\/\/api.w.org\/{rel}","templated":true}]}}