{"id":4800,"date":"2026-04-27T06:35:31","date_gmt":"2026-04-27T06:35:31","guid":{"rendered":"https:\/\/urfamagazin.com\/?p=4800"},"modified":"2026-04-27T06:35:31","modified_gmt":"2026-04-27T06:35:31","slug":"dem-parti-milletvekili-ayandan-hastane-yerine-konut-yapilmasina-tepki","status":"publish","type":"post","link":"https:\/\/urfamagazin.com\/?p=4800","title":{"rendered":"DEM Parti Milletvekili Ayan&#8217;dan hastane yerine konut yap\u0131lmas\u0131na tepki!"},"content":{"rendered":"<p>DEM Parti \u015eanl\u0131urfa Milletvekili Dilan Kunt Ayan, merkez Karak\u00f6pr\u00fc il\u00e7esine ba\u011fl\u0131 Do\u011fukent ve Bat\u0131kent mahalleleri s\u0131n\u0131rlar\u0131nda bulunan 150 dekarl\u0131k alan\u0131n imar plan\u0131 de\u011fi\u015fiklikleriyle konut ve park alan\u0131na d\u00f6n\u00fc\u015ft\u00fcr\u00fclmek istenmesini g\u00fcndeme ta\u015f\u0131d\u0131.<\/p>\n<p>N\u00fcfusu 3 milyona yakla\u015fan \u015eanl\u0131urfa&#8217;da hastane ihtiyac\u0131n\u0131n yo\u011fun bir \u015fekilde hissedildi\u011fine dikkat \u00e7eken Ayan, mevcut sa\u011fl\u0131k alanlar\u0131n\u0131n korunmas\u0131 gerekti\u011fini belirtti.<\/p>\n<h6><strong>DANI\u015eTAY KARARLARINA RA\u011eMEN \u0130MAR ISRARI\u00a0<\/strong><\/h6>\n<p>\u015eanl\u0131urfa \u015eehir Planc\u0131lar\u0131 Odas\u0131&#8217;n\u0131n konuyla ilgili iki kez dava a\u00e7t\u0131\u011f\u0131n\u0131 ve Dan\u0131\u015ftay&#8217;\u0131n bu planlar\u0131 iki kez iptal etti\u011fini belirten Ayan, yarg\u0131 kararlar\u0131na ra\u011fmen projenin uygulanmak istenmesine tepki g\u00f6sterdi.<\/p>\n<p>S\u00fcreci &#8220;kent su\u00e7u&#8221; olarak nitelendiren Ayan, her taraf\u0131 ranta \u00e7eviren ve konutlar in\u015fa etmek isteyen bir yakla\u015f\u0131mla kar\u015f\u0131 kar\u015f\u0131ya olundu\u011funu kaydetti.<\/p>\n<h6><strong>&#8220;HALK BA\u015eKA \u015eEH\u0130RLERE G\u0130TMEK ZORUNDA KALIYOR&#8221;<\/strong><\/h6>\n<p>\u015eanl\u0131urfa&#8217;da vatanda\u015flar\u0131n sa\u011fl\u0131k hizmetlerine eri\u015fimde zorluk ya\u015fad\u0131\u011f\u0131n\u0131 ve \u00e7evre illere gitmek zorunda kald\u0131\u011f\u0131n\u0131 belirten Ayan, mevcut hastane alanlar\u0131n\u0131n yok edilmesine izin vermeyeceklerini vurgulad\u0131.<\/p>\n<p>Uygulaman\u0131n kamu yarar\u0131 ta\u015f\u0131mad\u0131\u011f\u0131n\u0131 savunan Ayan, &#8220;Bu proje halktan de\u011fil ranttan yanad\u0131r. Bakanl\u0131k ve \u00d6zelle\u015ftirme \u0130daresi, Urfa halk\u0131n\u0131n haklar\u0131n\u0131 gasp etmeye son vermelidir.&#8221; diyerek yetkililere seslendi.<\/p>\n<p>Hastane alan\u0131na y\u00f6nelik t\u00fcm plan de\u011fi\u015fikliklerinin iptal edilmesi ve Dan\u0131\u015ftay kararlar\u0131n\u0131n derhal uygulanmas\u0131 gerekti\u011fini belirten Ayan, alan\u0131n planland\u0131\u011f\u0131 gibi kamu yarar\u0131na hastane olarak kullan\u0131lmas\u0131 i\u00e7in t\u00fcm kent bile\u015fenlerini Urfal\u0131lar\u0131n kamusal alanlar\u0131n\u0131 savunmaya davet etti.<\/p>\n","protected":false},"excerpt":{"rendered":"<p>DEM Parti \u015eanl\u0131urfa Milletvekili Dilan Kunt Ayan, merkez Karak\u00f6pr\u00fc il\u00e7esine ba\u011fl\u0131 Do\u011fukent ve Bat\u0131kent mahalleleri&#8230;<\/p>\n","protected":false},"author":1,"featured_media":0,"comment_status":"closed","ping_status":"closed","sticky":false,"template":"","format":"standard","meta":{"footnotes":""},"categories":[1],"tags":[],"class_list":["post-4800","post","type-post","status-publish","format-standard","hentry","category-guncel-haberler"],"_links":{"self":[{"href":"https:\/\/urfamagazin.com\/index.php?rest_route=\/wp\/v2\/posts\/4800","targetHints":{"allow":["GET"]}}],"collection":[{"href":"https:\/\/urfamagazin.com\/index.php?rest_route=\/wp\/v2\/posts"}],"about":[{"href":"https:\/\/urfamagazin.com\/index.php?rest_route=\/wp\/v2\/types\/post"}],"author":[{"embeddable":true,"href":"https:\/\/urfamagazin.com\/index.php?rest_route=\/wp\/v2\/users\/1"}],"replies":[{"embeddable":true,"href":"https:\/\/urfamagazin.com\/index.php?rest_route=%2Fwp%2Fv2%2Fcomments&post=4800"}],"version-history":[{"count":0,"href":"https:\/\/urfamagazin.com\/index.php?rest_route=\/wp\/v2\/posts\/4800\/revisions"}],"wp:attachment":[{"href":"https:\/\/urfamagazin.com\/index.php?rest_route=%2Fwp%2Fv2%2Fmedia&parent=4800"}],"wp:term":[{"taxonomy":"category","embeddable":true,"href":"https:\/\/urfamagazin.com\/index.php?rest_route=%2Fwp%2Fv2%2Fcategories&post=4800"},{"taxonomy":"post_tag","embeddable":true,"href":"https:\/\/urfamagazin.com\/index.php?rest_route=%2Fwp%2Fv2%2Ftags&post=4800"}],"curies":[{"name":"wp","href":"https:\/\/api.w.org\/{rel}","templated":true}]}}