{"id":4802,"date":"2026-04-27T06:30:12","date_gmt":"2026-04-27T06:30:12","guid":{"rendered":"https:\/\/urfamagazin.com\/?p=4802"},"modified":"2026-04-27T06:30:12","modified_gmt":"2026-04-27T06:30:12","slug":"tuyler-urperten-olay-2-aylik-bebegini-canice-oldurdu","status":"publish","type":"post","link":"https:\/\/urfamagazin.com\/?p=4802","title":{"rendered":"T\u00fcyler \u00fcrperten olay! 2 ayl\u0131k bebe\u011fini canice \u00f6ld\u00fcrd\u00fc!"},"content":{"rendered":"<p>Bolu\u2019nun Gerede il\u00e7esinde bir kad\u0131n 2 ayl\u0131k bebe\u011fini bo\u011faz\u0131n\u0131 keserek \u00f6ld\u00fcrd\u00fc.\u00a0<\/p>\n<p>Edinilen bilgiye g\u00f6re, Gerede il\u00e7esine ba\u011fl\u0131 Kitirler Mahallesi\u2019ndeki bir evde S.C. isimli kad\u0131n, hen\u00fcz 2 ayl\u0131k olan bebe\u011finin bo\u011faz\u0131n\u0131 kesti. Bebe\u011fini kanlar i\u00e7inde b\u0131rakan S.C., h\u0131zla olay yerinden uzakla\u015farak kay\u0131plara kar\u0131\u015ft\u0131.<\/p>\n<h2><strong>KA\u00c7AN ANNE KOM\u015eU \u0130L\u00c7EDE YAKALANDI<\/strong><\/h2>\n<p>\u00c7evredeki vatanda\u015flar\u0131n ihbar\u0131 \u00fczerine olay yerine sa\u011fl\u0131k ve polis ekipleri sevk edildi.<\/p>\n<p>Adrese gelen sa\u011fl\u0131k ekiplerinin yapt\u0131\u011f\u0131 ilk kontrolde, talihsiz bebe\u011fin hayat\u0131n\u0131 kaybetti\u011fi belirlendi. Minik bebe\u011fin cans\u0131z bedeni, Cumhuriyet Savc\u0131s\u0131 ve olay yeri inceleme ekiplerinin \u00e7al\u0131\u015fmalar\u0131n\u0131n ard\u0131ndan hastane morguna kald\u0131r\u0131ld\u0131.<\/p>\n<p>Olay\u0131n faili olan anne S.C.&#8217;yi yakalamak i\u00e7in harekete ge\u00e7en polis ekipleri, b\u00f6lgede geni\u015f \u00e7apl\u0131 arama \u00e7al\u0131\u015fmas\u0131 ba\u015flatt\u0131.<\/p>\n<p>Yap\u0131lan takip sonucunda \u015f\u00fcpheli S.C., Yeni\u00e7a\u011fa il\u00e7esinde emniyet g\u00fc\u00e7leri taraf\u0131ndan yakalanarak g\u00f6zalt\u0131na al\u0131nd\u0131.<\/p>\n<p>Olayla ilgili geni\u015f \u00e7apl\u0131 soru\u015fturma ba\u015flat\u0131ld\u0131.\u00a0<\/p>\n<p>Kaynak: \u0130HA\u00a0<\/p>\n","protected":false},"excerpt":{"rendered":"<p>Bolu\u2019nun Gerede il\u00e7esinde bir kad\u0131n 2 ayl\u0131k bebe\u011fini bo\u011faz\u0131n\u0131 keserek \u00f6ld\u00fcrd\u00fc.\u00a0 Edinilen bilgiye g\u00f6re, Gerede&#8230;<\/p>\n","protected":false},"author":1,"featured_media":0,"comment_status":"closed","ping_status":"closed","sticky":false,"template":"","format":"standard","meta":{"footnotes":""},"categories":[1],"tags":[],"class_list":["post-4802","post","type-post","status-publish","format-standard","hentry","category-guncel-haberler"],"_links":{"self":[{"href":"https:\/\/urfamagazin.com\/index.php?rest_route=\/wp\/v2\/posts\/4802","targetHints":{"allow":["GET"]}}],"collection":[{"href":"https:\/\/urfamagazin.com\/index.php?rest_route=\/wp\/v2\/posts"}],"about":[{"href":"https:\/\/urfamagazin.com\/index.php?rest_route=\/wp\/v2\/types\/post"}],"author":[{"embeddable":true,"href":"https:\/\/urfamagazin.com\/index.php?rest_route=\/wp\/v2\/users\/1"}],"replies":[{"embeddable":true,"href":"https:\/\/urfamagazin.com\/index.php?rest_route=%2Fwp%2Fv2%2Fcomments&post=4802"}],"version-history":[{"count":0,"href":"https:\/\/urfamagazin.com\/index.php?rest_route=\/wp\/v2\/posts\/4802\/revisions"}],"wp:attachment":[{"href":"https:\/\/urfamagazin.com\/index.php?rest_route=%2Fwp%2Fv2%2Fmedia&parent=4802"}],"wp:term":[{"taxonomy":"category","embeddable":true,"href":"https:\/\/urfamagazin.com\/index.php?rest_route=%2Fwp%2Fv2%2Fcategories&post=4802"},{"taxonomy":"post_tag","embeddable":true,"href":"https:\/\/urfamagazin.com\/index.php?rest_route=%2Fwp%2Fv2%2Ftags&post=4802"}],"curies":[{"name":"wp","href":"https:\/\/api.w.org\/{rel}","templated":true}]}}