{"id":4833,"date":"2026-04-27T13:08:42","date_gmt":"2026-04-27T13:08:42","guid":{"rendered":"https:\/\/urfamagazin.com\/?p=4833"},"modified":"2026-04-27T13:08:42","modified_gmt":"2026-04-27T13:08:42","slug":"malatyada-korkutan-deprem","status":"publish","type":"post","link":"https:\/\/urfamagazin.com\/?p=4833","title":{"rendered":"Malatya\u2019da korkutan deprem!"},"content":{"rendered":"<p>Afet ve Acil Durum Y\u00f6netimi Ba\u015fkanl\u0131\u011f\u0131 (AFAD),verilerine g\u00f6re, saat 15.42\u2019de kaydedilen depremin b\u00fcy\u00fckl\u00fc\u011f\u00fc 4.4<\/p>\n<p>olarak \u00f6l\u00e7\u00fcld\u00fc.<\/p>\n<p>Yerin yakla\u015f\u0131k 16.36 kilometre derinli\u011finde ger\u00e7ekle\u015fen sars\u0131nt\u0131n\u0131n merkez \u00fcss\u00fcn\u00fcn Battalgazi oldu\u011fu bildirildi.<\/p>\n<p>Deprem, Malatya merkez ba\u015fta olmak \u00fczere \u00e7evre il\u00e7elerde de hissedildi. \u0130lk belirlemelere g\u00f6re herhangi bir olumsuzluk bildirilmezken, ekiplerin saha tarama \u00e7al\u0131\u015fmalar\u0131n\u0131 s\u00fcrd\u00fcrd\u00fc\u011f\u00fc \u00f6\u011frenildi.<\/p>\n<p>Yetkililer, vatanda\u015flar\u0131n resmi kaynaklardan yap\u0131lacak a\u00e7\u0131klamalar\u0131 takip etmeleri konusunda uyar\u0131da bulundu.<\/p>\n<p>AFAD&#8217;dan konuya ili\u015fkin yap\u0131lan a\u00e7\u0131klamada \u015fu ifadeler yer ald\u0131:\u00a0<\/p>\n<p>&#8220;B\u00fcy\u00fckl\u00fck: 4.4 (Ml)<\/p>\n<p>Yer: Battalgazi (Malatya)<\/p>\n<p>Tarih: 2026-04-27<\/p>\n<p>Saat: 15:42:38 TS\u0130<\/p>\n<p>Enlem: 38.275 N<\/p>\n<p>Boylam: 38.69222 E<\/p>\n<p>Derinlik: 16.36 km&#8221;\u00a0<\/p>\n","protected":false},"excerpt":{"rendered":"<p>Afet ve Acil Durum Y\u00f6netimi Ba\u015fkanl\u0131\u011f\u0131 (AFAD),verilerine g\u00f6re, saat 15.42\u2019de kaydedilen depremin b\u00fcy\u00fckl\u00fc\u011f\u00fc 4.4 olarak&#8230;<\/p>\n","protected":false},"author":1,"featured_media":0,"comment_status":"closed","ping_status":"closed","sticky":false,"template":"","format":"standard","meta":{"footnotes":""},"categories":[1],"tags":[],"class_list":["post-4833","post","type-post","status-publish","format-standard","hentry","category-guncel-haberler"],"_links":{"self":[{"href":"https:\/\/urfamagazin.com\/index.php?rest_route=\/wp\/v2\/posts\/4833","targetHints":{"allow":["GET"]}}],"collection":[{"href":"https:\/\/urfamagazin.com\/index.php?rest_route=\/wp\/v2\/posts"}],"about":[{"href":"https:\/\/urfamagazin.com\/index.php?rest_route=\/wp\/v2\/types\/post"}],"author":[{"embeddable":true,"href":"https:\/\/urfamagazin.com\/index.php?rest_route=\/wp\/v2\/users\/1"}],"replies":[{"embeddable":true,"href":"https:\/\/urfamagazin.com\/index.php?rest_route=%2Fwp%2Fv2%2Fcomments&post=4833"}],"version-history":[{"count":0,"href":"https:\/\/urfamagazin.com\/index.php?rest_route=\/wp\/v2\/posts\/4833\/revisions"}],"wp:attachment":[{"href":"https:\/\/urfamagazin.com\/index.php?rest_route=%2Fwp%2Fv2%2Fmedia&parent=4833"}],"wp:term":[{"taxonomy":"category","embeddable":true,"href":"https:\/\/urfamagazin.com\/index.php?rest_route=%2Fwp%2Fv2%2Fcategories&post=4833"},{"taxonomy":"post_tag","embeddable":true,"href":"https:\/\/urfamagazin.com\/index.php?rest_route=%2Fwp%2Fv2%2Ftags&post=4833"}],"curies":[{"name":"wp","href":"https:\/\/api.w.org\/{rel}","templated":true}]}}