{"id":4834,"date":"2026-04-27T13:22:40","date_gmt":"2026-04-27T13:22:40","guid":{"rendered":"https:\/\/urfamagazin.com\/?p=4834"},"modified":"2026-04-27T13:22:40","modified_gmt":"2026-04-27T13:22:40","slug":"urfali-gencten-gururlandiran-basari","status":"publish","type":"post","link":"https:\/\/urfamagazin.com\/?p=4834","title":{"rendered":"Urfal\u0131 gen\u00e7ten gururland\u0131ran ba\u015far\u0131!"},"content":{"rendered":"<p>Brezilya\u2019n\u0131n Foz do Igua\u00e7u \u015fehrinde d\u00fczenlenen World Boxing Cup\u2019ta ringe \u00e7\u0131kan \u015eanl\u0131urfal\u0131 milli boks\u00f6r Emrah Ya\u015far, d\u00fcnya \u00fc\u00e7\u00fcnc\u00fcs\u00fc olarak g\u00f6\u011fs\u00fcm\u00fcz\u00fc kabartt\u0131.<\/p>\n<p>20-26 Nisan tarihleri aras\u0131nda ringlerin en iyilerini bulu\u015fturan World Boxing Cup (D\u00fcnya Boks Kupas\u0131) turnuvas\u0131nda T\u00fcrkiye\u2019yi temsil eden Emrah Ya\u015far, zorlu rakiplerini geride b\u0131rakarak 3. l\u00fck k\u00fcrs\u00fcs\u00fcne \u00e7\u0131kt\u0131. Olimpiyat kat\u0131l\u0131m puanlamas\u0131 a\u00e7\u0131s\u0131ndan kritik \u00f6neme sahip olan bu turnuvadan puanla d\u00f6nen Ya\u015far, 2026 sezonuna f\u0131rt\u0131na gibi bir ba\u015flang\u0131\u00e7 yapt\u0131.<\/p>\n<p><img loading=\"lazy\" decoding=\"async\" alt=\"Urfal\u0131 gen\u00e7ten gururland\u0131ran ba\u015far\u0131!\" class=\"mx-auto max-w-full h-auto shadow-sm\" height=\"800\" src=\"https:\/\/www.urfahaber.com\/images\/uploads\/2026\/04\/whatsapp-image-2026-04-27-at-40048-pm-69ef62ed00217.jpeg\" width=\"1200\" \/><\/p>\n<h2><strong>HEDEF: AVRUPA \u015eAMP\u0130YONASI VE OL\u0130MP\u0130YAT KOTASI<\/strong><\/h2>\n<p>Ma\u00e7 sonu a\u00e7\u0131klamalarda bulunan milli sporcu, kazand\u0131\u011f\u0131 bu ba\u015far\u0131n\u0131n sadece bir basamak oldu\u011funu vurgulad\u0131. As\u0131l hedefinin bu y\u0131l Bulgaristan\u2019da d\u00fczenlenecek olan Avrupa \u015eampiyonas\u0131 oldu\u011funu belirten Ya\u015far, \u015funlar\u0131 s\u00f6yledi:<br \/> &#8220;D\u00fcnya Kupas\u0131&#8217;nda ald\u0131\u011f\u0131m bu derece, 2026 hedeflerimiz i\u00e7in b\u00fcy\u00fck bir motivasyon oldu. \u015eimdi t\u00fcm oda\u011f\u0131m Bulgaristan. Orada alaca\u011f\u0131m g\u00fczel bir sonu\u00e7la Olimpiyat kotas\u0131n\u0131 garantilemek ve \u00fclkemi en \u00fcst seviyede temsil etmek istiyorum.&#8221;<\/p>\n<p><img loading=\"lazy\" decoding=\"async\" alt=\"Urfal\u0131 gen\u00e7ten gururland\u0131ran ba\u015far\u0131!\" class=\"mx-auto max-w-full h-auto shadow-sm\" height=\"800\" src=\"https:\/\/www.urfahaber.com\/images\/uploads\/2026\/04\/whatsapp-image-2026-04-27-at-40048-pm-1-69ef62f71af98.jpeg\" width=\"1200\" \/><\/p>\n<h2><strong>\u201cBA\u015eARIMIN ARKASINDA B\u00dcY\u00dcK B\u0130R EMEK VAR\u201d<\/strong><\/h2>\n<p>Ba\u015far\u0131s\u0131nda antren\u00f6r\u00fcn\u00fcn ve kul\u00fcb\u00fcn\u00fcn pay\u0131n\u0131n b\u00fcy\u00fck oldu\u011funu ifade eden Emrah Ya\u015far, vefa dolu bir te\u015fekk\u00fcr mesaj\u0131 da yay\u0131nlad\u0131:<br \/> &#8220;Beni bu seviyelere getiren, her an\u0131mda yan\u0131mda olan antren\u00f6r\u00fcm Serhat Akag\u00fcnd\u00fcz\u2019e ve \u00e7al\u0131\u015fmalar\u0131m\u0131 s\u00fcrd\u00fcrd\u00fc\u011f\u00fcm Serhad Spor Kul\u00fcb\u00fc\u2019ne sonsuz te\u015fekk\u00fcrlerimi sunar\u0131m. Bu ba\u015far\u0131 hepimizin.&#8221;<\/p>\n","protected":false},"excerpt":{"rendered":"<p>Brezilya\u2019n\u0131n Foz do Igua\u00e7u \u015fehrinde d\u00fczenlenen World Boxing Cup\u2019ta ringe \u00e7\u0131kan \u015eanl\u0131urfal\u0131 milli boks\u00f6r Emrah&#8230;<\/p>\n","protected":false},"author":1,"featured_media":4835,"comment_status":"closed","ping_status":"closed","sticky":false,"template":"","format":"standard","meta":{"footnotes":""},"categories":[1],"tags":[],"class_list":["post-4834","post","type-post","status-publish","format-standard","has-post-thumbnail","hentry","category-guncel-haberler"],"_links":{"self":[{"href":"https:\/\/urfamagazin.com\/index.php?rest_route=\/wp\/v2\/posts\/4834","targetHints":{"allow":["GET"]}}],"collection":[{"href":"https:\/\/urfamagazin.com\/index.php?rest_route=\/wp\/v2\/posts"}],"about":[{"href":"https:\/\/urfamagazin.com\/index.php?rest_route=\/wp\/v2\/types\/post"}],"author":[{"embeddable":true,"href":"https:\/\/urfamagazin.com\/index.php?rest_route=\/wp\/v2\/users\/1"}],"replies":[{"embeddable":true,"href":"https:\/\/urfamagazin.com\/index.php?rest_route=%2Fwp%2Fv2%2Fcomments&post=4834"}],"version-history":[{"count":0,"href":"https:\/\/urfamagazin.com\/index.php?rest_route=\/wp\/v2\/posts\/4834\/revisions"}],"wp:featuredmedia":[{"embeddable":true,"href":"https:\/\/urfamagazin.com\/index.php?rest_route=\/wp\/v2\/media\/4835"}],"wp:attachment":[{"href":"https:\/\/urfamagazin.com\/index.php?rest_route=%2Fwp%2Fv2%2Fmedia&parent=4834"}],"wp:term":[{"taxonomy":"category","embeddable":true,"href":"https:\/\/urfamagazin.com\/index.php?rest_route=%2Fwp%2Fv2%2Fcategories&post=4834"},{"taxonomy":"post_tag","embeddable":true,"href":"https:\/\/urfamagazin.com\/index.php?rest_route=%2Fwp%2Fv2%2Ftags&post=4834"}],"curies":[{"name":"wp","href":"https:\/\/api.w.org\/{rel}","templated":true}]}}