{"id":4846,"date":"2026-04-27T15:56:48","date_gmt":"2026-04-27T15:56:48","guid":{"rendered":"https:\/\/urfamagazin.com\/?p=4846"},"modified":"2026-04-27T15:56:48","modified_gmt":"2026-04-27T15:56:48","slug":"erzincanda-sosyal-medya-provokasyonlarina-operasyon","status":"publish","type":"post","link":"https:\/\/urfamagazin.com\/?p=4846","title":{"rendered":"Erzincan\u2019da sosyal medya provokasyonlar\u0131na operasyon!"},"content":{"rendered":"<p>Erzincan \u0130l Emniyet M\u00fcd\u00fcrl\u00fc\u011f\u00fcnce, internet ortam\u0131nda y\u00fcr\u00fct\u00fclen sanal devriye faaliyetleri kapsam\u0131nda sosyal medya \u00fczerinden yap\u0131lan provokatif payla\u015f\u0131mlara y\u00f6nelik operasyonlarda 3 \u015f\u00fcpheli g\u00f6zalt\u0131na al\u0131nd\u0131, 70 i\u00e7erik hakk\u0131nda eri\u015fim engeli karar\u0131 al\u0131nd\u0131.<\/p>\n<p><strong>GEN\u0130\u015e \u00c7APLI \u0130NCELEME BA\u015eLATILDI<\/strong><br \/> Emniyet birimlerince,\u00a0\u015eanl\u0131urfa\u00a0ve Kahramanmara\u015f\u2019ta okullarda meydana gelen olaylara ili\u015fkin sosyal medyada yap\u0131lan payla\u015f\u0131mlar \u00fczerine geni\u015f \u00e7apl\u0131 inceleme ba\u015flat\u0131ld\u0131.<\/p>\n<p><strong>PAYLA\u015eIM YAPAN \u015e\u00dcPHEL\u0130 G\u00d6Z ALTINA ALINDI<\/strong><br \/> Yap\u0131lan \u00e7al\u0131\u015fmalarda, Radyo ve Televizyon \u00dcst Kurulu taraf\u0131ndan al\u0131nan yay\u0131n yasa\u011f\u0131na ra\u011fmen Erzincan\u2019da bir okul yak\u0131n\u0131nda silahl\u0131 bir \u015fahs\u0131n foto\u011fraf\u0131n\u0131 payla\u015farak halk\u0131 korku ve pani\u011fe s\u00fcr\u00fckledi\u011fi de\u011ferlendirilen N.E. isimli \u015f\u00fcpheli g\u00f6zalt\u0131na al\u0131nd\u0131. \u015e\u00fcpheli, \u00e7\u0131kar\u0131ld\u0131\u011f\u0131 mahkemece adli kontrol ve yurt d\u0131\u015f\u0131 yasa\u011f\u0131 \u015fart\u0131yla serbest b\u0131rak\u0131ld\u0131.<br \/> Ayr\u0131ca Erzincan\u2019daki baz\u0131 okullar\u0131n isimlerini vererek &#8220;okula sald\u0131r\u0131 yap\u0131laca\u011f\u0131&#8221; y\u00f6n\u00fcnde yorumlar yapt\u0131\u011f\u0131 belirlenen 2 su\u00e7a s\u00fcr\u00fcklenen \u00e7ocuk da g\u00f6zalt\u0131na al\u0131nd\u0131. \u015e\u00fcphelilerden R.K. tutuklan\u0131rken, S.D. serbest b\u0131rak\u0131ld\u0131.<br \/> \u00d6te yandan kamu d\u00fczenini bozucu, su\u00e7 ve su\u00e7luyu \u00f6v\u00fcc\u00fc ve dezenformasyon i\u00e7erikli payla\u015f\u0131mlar yapt\u0131\u011f\u0131 de\u011ferlendirilen, \u0130stanbul, \u0130zmir, Erzurum, Bursa ve Gaziantep\u2019te bulunan toplam 6 hesap sahibi tespit edilerek ilgili birimlere bildirildi.<br \/> S\u00f6z konusu payla\u015f\u0131mlar\u0131n yay\u0131lmas\u0131n\u0131 \u00f6nlemek amac\u0131yla 70 URL adresi hakk\u0131nda eri\u015fimin engellenmesi ve i\u00e7eriklerin \u00e7\u0131kar\u0131lmas\u0131 karar\u0131 al\u0131nd\u0131.<\/p>\n<p>Kaynak: \u0130HA\u00a0<\/p>\n","protected":false},"excerpt":{"rendered":"<p>Erzincan \u0130l Emniyet M\u00fcd\u00fcrl\u00fc\u011f\u00fcnce, internet ortam\u0131nda y\u00fcr\u00fct\u00fclen sanal devriye faaliyetleri kapsam\u0131nda sosyal medya \u00fczerinden yap\u0131lan&#8230;<\/p>\n","protected":false},"author":1,"featured_media":0,"comment_status":"closed","ping_status":"closed","sticky":false,"template":"","format":"standard","meta":{"footnotes":""},"categories":[1],"tags":[],"class_list":["post-4846","post","type-post","status-publish","format-standard","hentry","category-guncel-haberler"],"_links":{"self":[{"href":"https:\/\/urfamagazin.com\/index.php?rest_route=\/wp\/v2\/posts\/4846","targetHints":{"allow":["GET"]}}],"collection":[{"href":"https:\/\/urfamagazin.com\/index.php?rest_route=\/wp\/v2\/posts"}],"about":[{"href":"https:\/\/urfamagazin.com\/index.php?rest_route=\/wp\/v2\/types\/post"}],"author":[{"embeddable":true,"href":"https:\/\/urfamagazin.com\/index.php?rest_route=\/wp\/v2\/users\/1"}],"replies":[{"embeddable":true,"href":"https:\/\/urfamagazin.com\/index.php?rest_route=%2Fwp%2Fv2%2Fcomments&post=4846"}],"version-history":[{"count":0,"href":"https:\/\/urfamagazin.com\/index.php?rest_route=\/wp\/v2\/posts\/4846\/revisions"}],"wp:attachment":[{"href":"https:\/\/urfamagazin.com\/index.php?rest_route=%2Fwp%2Fv2%2Fmedia&parent=4846"}],"wp:term":[{"taxonomy":"category","embeddable":true,"href":"https:\/\/urfamagazin.com\/index.php?rest_route=%2Fwp%2Fv2%2Fcategories&post=4846"},{"taxonomy":"post_tag","embeddable":true,"href":"https:\/\/urfamagazin.com\/index.php?rest_route=%2Fwp%2Fv2%2Ftags&post=4846"}],"curies":[{"name":"wp","href":"https:\/\/api.w.org\/{rel}","templated":true}]}}