{"id":4847,"date":"2026-04-27T17:05:13","date_gmt":"2026-04-27T17:05:13","guid":{"rendered":"https:\/\/urfamagazin.com\/?p=4847"},"modified":"2026-04-27T17:05:13","modified_gmt":"2026-04-27T17:05:13","slug":"urfada-korkutan-is-kazasi-3-kisi-yaralandi","status":"publish","type":"post","link":"https:\/\/urfamagazin.com\/?p=4847","title":{"rendered":"Urfa&#8217;da korkutan i\u015f kazas\u0131: 3 ki\u015fi yaraland\u0131!"},"content":{"rendered":"<p>Olay, \u015eanl\u0131urfa&#8217;n\u0131n Ak\u00e7akale il\u00e7esin&#8217;de\u00a0bulunan sanayi sitesinin Ceylanl\u0131 Mahallesi\u2019nde ya\u015fand\u0131. \u0130ddialara g\u00f6re bir i\u015f yerinde \u00e7al\u0131\u015fma yap\u0131ld\u0131\u011f\u0131 s\u0131rada demir bir borunun y\u00fcksek gerilim hatt\u0131na temas etmesi sonucu elektrik ak\u0131m\u0131 olu\u015ftu. Bu s\u0131rada A.K., M.A.ve H.\u0130. ak\u0131ma kap\u0131larak yaraland\u0131.<\/p>\n<p><strong>OLAY YER\u0130NE SA\u011eLIK EK\u0130PLER\u0130 SEVK ED\u0130LD\u0130<\/strong><\/p>\n<p>Durumu fark eden vatanda\u015flar hemen 112 Acil \u00c7a\u011fr\u0131 Merkezi\u2019ne haber verdi. \u0130hbar \u00fczerine olay yerine sa\u011fl\u0131k ve polis ekipleri sevk edildi.<\/p>\n<p><strong>YARALILARA\u00a0<\/strong><strong>AK\u00c7AKALE\u00a0DEVLET HASTANES\u0130\u2019NE SEVK ED\u0130LD\u0130<\/strong><\/p>\n<p>B\u00f6lgeye ula\u015fan sa\u011fl\u0131k ekipleri yaral\u0131lara ilk m\u00fcdahalede bulundu, yaral\u0131lar ambulanslarla Ak\u00e7akale Devlet Hastanesi\u2019ne sevk edildi. Hastanede tedavi alt\u0131na al\u0131nan yaral\u0131lar\u0131n durumlar\u0131n\u0131n takip edildi\u011fi, yaral\u0131lardan birinin sa\u011fl\u0131k durumunun di\u011ferlerine g\u00f6re daha ciddi oldu\u011fu \u00f6\u011frenildi.<\/p>\n<p>Olayla ilgili inceleme ba\u015flatt\u0131.<\/p>\n","protected":false},"excerpt":{"rendered":"<p>Olay, \u015eanl\u0131urfa&#8217;n\u0131n Ak\u00e7akale il\u00e7esin&#8217;de\u00a0bulunan sanayi sitesinin Ceylanl\u0131 Mahallesi\u2019nde ya\u015fand\u0131. \u0130ddialara g\u00f6re bir i\u015f yerinde \u00e7al\u0131\u015fma&#8230;<\/p>\n","protected":false},"author":1,"featured_media":0,"comment_status":"closed","ping_status":"closed","sticky":false,"template":"","format":"standard","meta":{"footnotes":""},"categories":[1],"tags":[],"class_list":["post-4847","post","type-post","status-publish","format-standard","hentry","category-guncel-haberler"],"_links":{"self":[{"href":"https:\/\/urfamagazin.com\/index.php?rest_route=\/wp\/v2\/posts\/4847","targetHints":{"allow":["GET"]}}],"collection":[{"href":"https:\/\/urfamagazin.com\/index.php?rest_route=\/wp\/v2\/posts"}],"about":[{"href":"https:\/\/urfamagazin.com\/index.php?rest_route=\/wp\/v2\/types\/post"}],"author":[{"embeddable":true,"href":"https:\/\/urfamagazin.com\/index.php?rest_route=\/wp\/v2\/users\/1"}],"replies":[{"embeddable":true,"href":"https:\/\/urfamagazin.com\/index.php?rest_route=%2Fwp%2Fv2%2Fcomments&post=4847"}],"version-history":[{"count":0,"href":"https:\/\/urfamagazin.com\/index.php?rest_route=\/wp\/v2\/posts\/4847\/revisions"}],"wp:attachment":[{"href":"https:\/\/urfamagazin.com\/index.php?rest_route=%2Fwp%2Fv2%2Fmedia&parent=4847"}],"wp:term":[{"taxonomy":"category","embeddable":true,"href":"https:\/\/urfamagazin.com\/index.php?rest_route=%2Fwp%2Fv2%2Fcategories&post=4847"},{"taxonomy":"post_tag","embeddable":true,"href":"https:\/\/urfamagazin.com\/index.php?rest_route=%2Fwp%2Fv2%2Ftags&post=4847"}],"curies":[{"name":"wp","href":"https:\/\/api.w.org\/{rel}","templated":true}]}}