{"id":4855,"date":"2026-04-28T05:58:59","date_gmt":"2026-04-28T05:58:59","guid":{"rendered":"https:\/\/urfamagazin.com\/?p=4855"},"modified":"2026-04-28T05:58:59","modified_gmt":"2026-04-28T05:58:59","slug":"cumhurbaskani-erdogan-istanbulda-film-galasina-katildi","status":"publish","type":"post","link":"https:\/\/urfamagazin.com\/?p=4855","title":{"rendered":"Cumhurba\u015fkan\u0131 Erdo\u011fan \u0130stanbul&#8217;da film galas\u0131na kat\u0131ld\u0131!"},"content":{"rendered":"<p>Cumhurba\u015fkan\u0131 Recep Tayyip Erdo\u011fan, \u00fcnl\u00fc \u015fair ve m\u00fctefekkir Necip Faz\u0131l K\u0131sak\u00fcrek\u2019in ayn\u0131 adl\u0131 eserinden sinemaya uyarlanan &#8220;Bir Adam Yaratmak&#8221; filminin \u0130stanbul&#8217;da d\u00fczenlenen gala g\u00f6sterimine kat\u0131ld\u0131.<\/p>\n<p><img loading=\"lazy\" decoding=\"async\" alt=\"G\u00f6rsel\" class=\"mx-auto max-w-full h-auto shadow-sm\" height=\"597\" src=\"https:\/\/www.urfahaber.com\/images\/uploads\/2026\/04\/film-ara-69f04c408300a.jpg\" width=\"838\" \/><\/p>\n<p>Cumhurba\u015fkan\u0131 Recep Tayyip Erdo\u011fan, \u00fcnl\u00fc \u015fair ve yazar Necip Faz\u0131l K\u0131sak\u00fcrek\u2019in ayn\u0131 adl\u0131 eserinden beyaz perdeye uyarlanan \u2018Bir Adam Yaratmak\u2019 filminin galas\u0131na kat\u0131ld\u0131. Beyo\u011flu Atat\u00fcrk K\u00fclt\u00fcr Merkezi\u2019ndeki galada Cumhurba\u015fkan\u0131 Erdo\u011fan\u2019a e\u015fi Emine Erdo\u011fan ile K\u00fclt\u00fcr ve Turizm Bakan\u0131 Mehmet Nuri Ersoy da e\u015flik etti.<\/p>\n<p><img loading=\"lazy\" decoding=\"async\" alt=\"G\u00f6rsel\" class=\"mx-auto max-w-full h-auto shadow-sm\" height=\"555\" src=\"https:\/\/www.urfahaber.com\/images\/uploads\/2026\/04\/film-ara2-69f04c50297c5.jpg\" width=\"841\" \/><\/p>\n<p>D\u00fczenlenen programda filmin y\u00f6netmeni Murat \u00c7eri taraf\u0131ndan Cumhurba\u015fkan\u0131 Erdo\u011fan ile e\u015fi Emine Erdo\u011fan\u2019a hediye takdim edildi.<\/p>\n<p>Kaynak: \u0130HA<\/p>\n<p><img loading=\"lazy\" decoding=\"async\" alt=\"G\u00f6rsel\" class=\"mx-auto max-w-full h-auto shadow-sm\" height=\"557\" src=\"https:\/\/www.urfahaber.com\/images\/uploads\/2026\/04\/silm-ara3-69f04c64ce4c9.jpg\" width=\"868\" \/><\/p>\n","protected":false},"excerpt":{"rendered":"<p>Cumhurba\u015fkan\u0131 Recep Tayyip Erdo\u011fan, \u00fcnl\u00fc \u015fair ve m\u00fctefekkir Necip Faz\u0131l K\u0131sak\u00fcrek\u2019in ayn\u0131 adl\u0131 eserinden sinemaya&#8230;<\/p>\n","protected":false},"author":1,"featured_media":4856,"comment_status":"closed","ping_status":"closed","sticky":false,"template":"","format":"standard","meta":{"footnotes":""},"categories":[1],"tags":[],"class_list":["post-4855","post","type-post","status-publish","format-standard","has-post-thumbnail","hentry","category-guncel-haberler"],"_links":{"self":[{"href":"https:\/\/urfamagazin.com\/index.php?rest_route=\/wp\/v2\/posts\/4855","targetHints":{"allow":["GET"]}}],"collection":[{"href":"https:\/\/urfamagazin.com\/index.php?rest_route=\/wp\/v2\/posts"}],"about":[{"href":"https:\/\/urfamagazin.com\/index.php?rest_route=\/wp\/v2\/types\/post"}],"author":[{"embeddable":true,"href":"https:\/\/urfamagazin.com\/index.php?rest_route=\/wp\/v2\/users\/1"}],"replies":[{"embeddable":true,"href":"https:\/\/urfamagazin.com\/index.php?rest_route=%2Fwp%2Fv2%2Fcomments&post=4855"}],"version-history":[{"count":0,"href":"https:\/\/urfamagazin.com\/index.php?rest_route=\/wp\/v2\/posts\/4855\/revisions"}],"wp:featuredmedia":[{"embeddable":true,"href":"https:\/\/urfamagazin.com\/index.php?rest_route=\/wp\/v2\/media\/4856"}],"wp:attachment":[{"href":"https:\/\/urfamagazin.com\/index.php?rest_route=%2Fwp%2Fv2%2Fmedia&parent=4855"}],"wp:term":[{"taxonomy":"category","embeddable":true,"href":"https:\/\/urfamagazin.com\/index.php?rest_route=%2Fwp%2Fv2%2Fcategories&post=4855"},{"taxonomy":"post_tag","embeddable":true,"href":"https:\/\/urfamagazin.com\/index.php?rest_route=%2Fwp%2Fv2%2Ftags&post=4855"}],"curies":[{"name":"wp","href":"https:\/\/api.w.org\/{rel}","templated":true}]}}