{"id":4860,"date":"2026-04-28T07:01:14","date_gmt":"2026-04-28T07:01:14","guid":{"rendered":"https:\/\/urfamagazin.com\/?p=4860"},"modified":"2026-04-28T07:01:14","modified_gmt":"2026-04-28T07:01:14","slug":"tobbdan-doviz-destegi-cagrisi-en-az-bir-yil-daha-uzatilmali","status":"publish","type":"post","link":"https:\/\/urfamagazin.com\/?p=4860","title":{"rendered":"TOBB&#8217;dan d\u00f6viz deste\u011fi \u00e7a\u011fr\u0131s\u0131: En az bir y\u0131l daha uzat\u0131lmal\u0131!"},"content":{"rendered":"<p>TOBB Ba\u015fkan\u0131 Hisarc\u0131kl\u0131o\u011flu, sanal medya hesab\u0131ndan yapt\u0131\u011f\u0131 a\u00e7\u0131klamada, T\u00fcrkiye Cumhuriyet Merkez Bankas\u0131&#8217;n\u0131n d\u00f6viz d\u00f6n\u00fc\u015f\u00fcm deste\u011fi uygulamas\u0131n\u0131n 30 Nisan&#8217;da sona erece\u011fini belirterek, &#8220;K\u00fcresel tedarik zincirlerinin yeniden \u015fekillendi\u011fi, korumac\u0131l\u0131k e\u011filimlerinin artt\u0131\u011f\u0131 ve ihracat pazarlar\u0131nda rekabetin sertle\u015fti\u011fi bu d\u00f6nemde, T\u00fcrkiye\u2019nin \u00fcretim ve ihracat odakl\u0131 b\u00fcy\u00fcme hedeflerini s\u00fcrd\u00fcrebilmesi i\u00e7in reel sekt\u00f6r\u00fcm\u00fcz\u00fcn rekabet g\u00fcc\u00fcn\u00fcn korunmas\u0131 kritik \u00f6nem ta\u015f\u0131maktad\u0131r.<\/p>\n<h2><strong>DESTEK S\u00dcRES\u0130N\u0130N UZATILMASI TALEB\u0130<\/strong><\/h2>\n<p>Bu \u00e7er\u00e7evede, s\u00f6z konusu deste\u011fin en az bir y\u0131l daha uzat\u0131lmas\u0131na ihtiya\u00e7 duyulmaktad\u0131r. Bununla birlikte, mevcut y\u00fczde 3&#8217;l\u00fck d\u00f6viz d\u00f6n\u00fc\u015f\u00fcm deste\u011fi hem oran itibar\u0131yla yetersiz kalmakta hem de uygulama \u015fartlar\u0131 reel sekt\u00f6r a\u00e7\u0131s\u0131ndan a\u011f\u0131r i\u015flemektedir.<\/p>\n<h2><strong>DAHA SADE VE ER\u0130\u015e\u0130LEB\u0130L\u0130R S\u0130STEM VURGUSU<\/strong><\/h2>\n<p>Uygulaman\u0131n daha sade, eri\u015filebilir ve \u00f6ng\u00f6r\u00fclebilir hale getirilmesi; destek oran\u0131n\u0131n ise art\u0131r\u0131lmas\u0131 gerekmektedir. Bu y\u00f6nde at\u0131lacak ad\u0131mlar, sanayicilerimize ve ihracat\u00e7\u0131lar\u0131m\u0131za moral verecek, firmalar\u0131m\u0131z\u0131n finansman ko\u015fullar\u0131n\u0131 destekleyecek ve ihracat hacmimize olumlu katk\u0131 sa\u011flayacakt\u0131r&#8221; ifadelerini kulland\u0131.<\/p>\n<p><img loading=\"lazy\" decoding=\"async\" alt=\"TOBB'dan d\u00f6viz deste\u011fi \u00e7a\u011fr\u0131s\u0131: En az bir y\u0131l daha uzat\u0131lmal\u0131!\" class=\"mx-auto max-w-full h-auto shadow-sm\" height=\"779\" src=\"https:\/\/www.urfahaber.com\/images\/uploads\/2026\/04\/tobb-baskani-hisarciklioglu-doviz-donus-1281788-381377-69f05b9e41cc4.jpg\" width=\"847\" \/><\/p>\n<p>kaynak:DHA<\/p>\n","protected":false},"excerpt":{"rendered":"<p>TOBB Ba\u015fkan\u0131 Hisarc\u0131kl\u0131o\u011flu, sanal medya hesab\u0131ndan yapt\u0131\u011f\u0131 a\u00e7\u0131klamada, T\u00fcrkiye Cumhuriyet Merkez Bankas\u0131&#8217;n\u0131n d\u00f6viz d\u00f6n\u00fc\u015f\u00fcm deste\u011fi&#8230;<\/p>\n","protected":false},"author":1,"featured_media":4861,"comment_status":"closed","ping_status":"closed","sticky":false,"template":"","format":"standard","meta":{"footnotes":""},"categories":[1],"tags":[],"class_list":["post-4860","post","type-post","status-publish","format-standard","has-post-thumbnail","hentry","category-guncel-haberler"],"_links":{"self":[{"href":"https:\/\/urfamagazin.com\/index.php?rest_route=\/wp\/v2\/posts\/4860","targetHints":{"allow":["GET"]}}],"collection":[{"href":"https:\/\/urfamagazin.com\/index.php?rest_route=\/wp\/v2\/posts"}],"about":[{"href":"https:\/\/urfamagazin.com\/index.php?rest_route=\/wp\/v2\/types\/post"}],"author":[{"embeddable":true,"href":"https:\/\/urfamagazin.com\/index.php?rest_route=\/wp\/v2\/users\/1"}],"replies":[{"embeddable":true,"href":"https:\/\/urfamagazin.com\/index.php?rest_route=%2Fwp%2Fv2%2Fcomments&post=4860"}],"version-history":[{"count":0,"href":"https:\/\/urfamagazin.com\/index.php?rest_route=\/wp\/v2\/posts\/4860\/revisions"}],"wp:featuredmedia":[{"embeddable":true,"href":"https:\/\/urfamagazin.com\/index.php?rest_route=\/wp\/v2\/media\/4861"}],"wp:attachment":[{"href":"https:\/\/urfamagazin.com\/index.php?rest_route=%2Fwp%2Fv2%2Fmedia&parent=4860"}],"wp:term":[{"taxonomy":"category","embeddable":true,"href":"https:\/\/urfamagazin.com\/index.php?rest_route=%2Fwp%2Fv2%2Fcategories&post=4860"},{"taxonomy":"post_tag","embeddable":true,"href":"https:\/\/urfamagazin.com\/index.php?rest_route=%2Fwp%2Fv2%2Ftags&post=4860"}],"curies":[{"name":"wp","href":"https:\/\/api.w.org\/{rel}","templated":true}]}}