{"id":4862,"date":"2026-04-28T06:39:06","date_gmt":"2026-04-28T06:39:06","guid":{"rendered":"https:\/\/urfamagazin.com\/?p=4862"},"modified":"2026-04-28T06:39:06","modified_gmt":"2026-04-28T06:39:06","slug":"sanliurfa-kultur-yolu-festivalindeki-konser-iptalleri-vatandasi-ikiye-boldu","status":"publish","type":"post","link":"https:\/\/urfamagazin.com\/?p=4862","title":{"rendered":"\u015eanl\u0131urfa K\u00fclt\u00fcr Yolu Festivali&#8217;ndeki konser iptalleri vatanda\u015f\u0131 ikiye b\u00f6ld\u00fc!"},"content":{"rendered":"<p>\u015eanl\u0131urfa\u2019da 25 Nisan ile 3 May\u0131s tarihleri aras\u0131nda ger\u00e7ekle\u015ftirilen K\u00fclt\u00fcr Yolu Festivali kapsam\u0131nda planlanan konser etkinlikleri, ya\u015fanan geli\u015fmeler nedeniyle iptal edildi.<\/p>\n<h6><strong>SON GEL\u0130\u015eMELER VE YEREL TALEPLER DO\u011eRULTUSUNDA KARAR ALINDI<\/strong><\/h6>\n<p>Yerel y\u00f6netimlerin talepleri ve meydana gelen son olaylar g\u00f6z \u00f6n\u00fcnde bulundurularak K\u00fclt\u00fcr ve Turizm Bakanl\u0131\u011f\u0131 konser programlar\u0131n\u0131 iptal etme karar\u0131 ald\u0131. Festivaldeki di\u011fer k\u00fclt\u00fcrel ve sanatsal programlar\u0131n ise planland\u0131\u011f\u0131 \u015fekilde devam edece\u011fi bildirildi.<\/p>\n<h6><strong>KARARI DESTEKLEYENLER HASSAS\u0130YETLERE D\u0130KKAT \u00c7EKT\u0130<\/strong><\/h6>\n<p>Konser programlar\u0131n\u0131n iptal edilmesiyle ilgili g\u00f6r\u00fc\u015f bildiren vatanda\u015flar\u0131n bir b\u00f6l\u00fcm\u00fc al\u0131nan karar\u0131 yerinde buldu\u011funu ifade etti. B\u00f6lgedeki hassasiyetlere ve ya\u015fanan son olaylara dikkat \u00e7eken vatanda\u015flar, toplumun ac\u0131s\u0131n\u0131 ya\u015fad\u0131\u011f\u0131 bir d\u00f6nemde e\u011flence odakl\u0131 etkinliklerin yap\u0131lmamas\u0131n\u0131n do\u011fru bir yakla\u015f\u0131m oldu\u011funu kaydetti.<\/p>\n<p>Ayr\u0131ca ge\u00e7mi\u015fte d\u00fczenlenen benzer organizasyonlarda kar\u015f\u0131la\u015f\u0131lan zorluklar hat\u0131rlat\u0131larak, bu t\u00fcr etkinliklerin sa\u011fl\u0131kl\u0131 bir \u015fekilde y\u00fcr\u00fct\u00fclmesinin mevcut \u015fartlarda zor oldu\u011funa vurgu yap\u0131ld\u0131.<\/p>\n<h6><strong>KARARA KAR\u015eI \u00c7IKANLAR GEN\u00c7LER\u0130N SOSYAL ALAN \u0130HT\u0130YACINI VURGULADI<\/strong><\/h6>\n<p>\u0130ptal karar\u0131na olumsuz yakla\u015fan vatanda\u015flar ise durumu a\u011f\u0131rl\u0131kl\u0131 olarak gen\u00e7lerin sosyal alan ihtiyac\u0131 \u00fczerinden de\u011ferlendirdi. Kentteki gen\u00e7 n\u00fcfusun sosyalle\u015fme imkanlar\u0131n\u0131n k\u0131s\u0131tl\u0131 oldu\u011funu savunan kesim, festivalin \u00f6nemli bir aktivite alan\u0131 sundu\u011funu ve konserlerin iptal edilmesinin bu a\u00e7\u0131dan iyi bir ad\u0131m olmad\u0131\u011f\u0131n\u0131 savundu.<\/p>\n<p>Festival takviminde yer alan sergi, tiyatro ve at\u00f6lye \u00e7al\u0131\u015fmalar\u0131 gibi di\u011fer etkinliklerin herhangi bir de\u011fi\u015fiklik yap\u0131lmadan planland\u0131\u011f\u0131 \u015fekilde devam edece\u011fi a\u00e7\u0131kland\u0131.<\/p>\n","protected":false},"excerpt":{"rendered":"<p>\u015eanl\u0131urfa\u2019da 25 Nisan ile 3 May\u0131s tarihleri aras\u0131nda ger\u00e7ekle\u015ftirilen K\u00fclt\u00fcr Yolu Festivali kapsam\u0131nda planlanan konser&#8230;<\/p>\n","protected":false},"author":1,"featured_media":0,"comment_status":"closed","ping_status":"closed","sticky":false,"template":"","format":"standard","meta":{"footnotes":""},"categories":[1],"tags":[],"class_list":["post-4862","post","type-post","status-publish","format-standard","hentry","category-guncel-haberler"],"_links":{"self":[{"href":"https:\/\/urfamagazin.com\/index.php?rest_route=\/wp\/v2\/posts\/4862","targetHints":{"allow":["GET"]}}],"collection":[{"href":"https:\/\/urfamagazin.com\/index.php?rest_route=\/wp\/v2\/posts"}],"about":[{"href":"https:\/\/urfamagazin.com\/index.php?rest_route=\/wp\/v2\/types\/post"}],"author":[{"embeddable":true,"href":"https:\/\/urfamagazin.com\/index.php?rest_route=\/wp\/v2\/users\/1"}],"replies":[{"embeddable":true,"href":"https:\/\/urfamagazin.com\/index.php?rest_route=%2Fwp%2Fv2%2Fcomments&post=4862"}],"version-history":[{"count":0,"href":"https:\/\/urfamagazin.com\/index.php?rest_route=\/wp\/v2\/posts\/4862\/revisions"}],"wp:attachment":[{"href":"https:\/\/urfamagazin.com\/index.php?rest_route=%2Fwp%2Fv2%2Fmedia&parent=4862"}],"wp:term":[{"taxonomy":"category","embeddable":true,"href":"https:\/\/urfamagazin.com\/index.php?rest_route=%2Fwp%2Fv2%2Fcategories&post=4862"},{"taxonomy":"post_tag","embeddable":true,"href":"https:\/\/urfamagazin.com\/index.php?rest_route=%2Fwp%2Fv2%2Ftags&post=4862"}],"curies":[{"name":"wp","href":"https:\/\/api.w.org\/{rel}","templated":true}]}}