{"id":4866,"date":"2026-04-28T07:49:30","date_gmt":"2026-04-28T07:49:30","guid":{"rendered":"https:\/\/urfamagazin.com\/?p=4866"},"modified":"2026-04-28T07:49:30","modified_gmt":"2026-04-28T07:49:30","slug":"sanliurfada-kultur-yolu-festivali-sanat-ve-cocuk-etkinlikleriyle-renklendi","status":"publish","type":"post","link":"https:\/\/urfamagazin.com\/?p=4866","title":{"rendered":"\u015eanl\u0131urfa&#8217;da K\u00fclt\u00fcr Yolu Festivali sanat ve \u00e7ocuk etkinlikleriyle renklendi!"},"content":{"rendered":"<p>\u015eanl\u0131urfa K\u00fclt\u00fcr Yolu Festivali kapsam\u0131nda \u00fc\u00e7\u00fcnc\u00fc g\u00fcnde d\u00fczenlenen etkinlikler, geleneksel el sanatlar\u0131 ile \u00e7ocuklara y\u00f6nelik programlar\u0131 bir araya getirerek k\u00fclt\u00fcrel miras\u0131n farkl\u0131 boyutlar\u0131n\u0131 ziyaret\u00e7ilerle bulu\u015fturdu. \u015eanl\u0131urfa Arkeoloji M\u00fczesi\u2019nde ger\u00e7ekle\u015ftirilen at\u00f6lyeler, usta sanat\u00e7\u0131lar e\u015fli\u011finde uygulamal\u0131 deneyim imkan\u0131 sunarken, \u00e7ocuk etkinlikleri ise e\u011fitici ve e\u011flenceli i\u00e7erikleriyle yo\u011fun ilgi g\u00f6rd\u00fc.<\/p>\n<p><img loading=\"lazy\" decoding=\"async\" alt=\"\u015eanl\u0131urfa'da K\u00fclt\u00fcr Yolu Festivali sanat ve \u00e7ocuk etkinlikleriyle renklendi!\" class=\"mx-auto max-w-full h-auto shadow-sm\" height=\"800\" src=\"https:\/\/www.urfahaber.com\/images\/uploads\/2026\/04\/sanliurfa-3-gun-11-69f068166ef70.jpg\" width=\"1200\" \/><\/p>\n<h6><strong>SEDEFK\u00c2RLIK VE TESB\u0130H SANATI USTALARI E\u015eL\u0130\u011e\u0130NDE TANITILDI<\/strong><\/h6>\n<p>Sedefk\u00e2rl\u0131k At\u00f6lyesi\u2019nde Safiye A\u00e7ar ve Mehmet A\u00e7ar taraf\u0131ndan y\u00fcr\u00fct\u00fclen \u00e7al\u0131\u015fmalarda, sedef sanat\u0131n\u0131n incelikleri kat\u0131l\u0131mc\u0131lara uygulamal\u0131 olarak aktar\u0131ld\u0131. \u0130stiridye ve midye kabuklar\u0131n\u0131n i\u00e7 y\u00fczeyinden elde edilen sedefin, \u00f6zellikle ceviz gibi ah\u015fap y\u00fczeylere oyma ve kakma teknikleriyle i\u015flenmesi; g\u00fcm\u00fc\u015f tellerle zenginle\u015ftirilerek mobilya ve objelere estetik bir de\u011fer kazand\u0131r\u0131lmas\u0131 s\u00fcreci tan\u0131t\u0131ld\u0131.<\/p>\n<p><img loading=\"lazy\" decoding=\"async\" alt=\"\u015eanl\u0131urfa'da K\u00fclt\u00fcr Yolu Festivali sanat ve \u00e7ocuk etkinlikleriyle renklendi!\" class=\"mx-auto max-w-full h-auto shadow-sm\" height=\"800\" src=\"https:\/\/www.urfahaber.com\/images\/uploads\/2026\/04\/sanliurfa-3-gun-6-69f06824af2e1.jpg\" width=\"1200\" \/><\/p>\n<h6><strong>TESB\u0130H \u00dcRET\u0130M\u0130NDE KULLANILAN MALZEMELER TANITILDI<\/strong><\/h6>\n<p>Tespih At\u00f6lyesi\u2019nde ise geleneksel \u00fcretim s\u00fcreci ele al\u0131nd\u0131. Genellikle 33 veya 99 adet boncu\u011fun (habbelerin), imame ve duraklar e\u015fli\u011finde \u00f6zel bir ipe dizilmesiyle olu\u015fturulan tespihlerin yap\u0131m a\u015famalar\u0131 kat\u0131l\u0131mc\u0131larla payla\u015f\u0131ld\u0131. Ta\u015f, a\u011fa\u00e7, kemik veya cam gibi farkl\u0131 malzemelerden \u00fcretilen boncuklar\u0131n dizilmesi, imamenin tak\u0131lmas\u0131 ve p\u00fcsk\u00fcl eklenmesiyle tamamlanan s\u00fcre\u00e7, geleneksel zanaat\u0131n \u00fcretim a\u015famalar\u0131n\u0131 ortaya koydu.<\/p>\n<p><img loading=\"lazy\" decoding=\"async\" alt=\"\u015eanl\u0131urfa'da K\u00fclt\u00fcr Yolu Festivali sanat ve \u00e7ocuk etkinlikleriyle renklendi!\" class=\"mx-auto max-w-full h-auto shadow-sm\" height=\"800\" src=\"https:\/\/www.urfahaber.com\/images\/uploads\/2026\/04\/001-sanliurfa-3-gun-9-69f0683bc5b29.jpg\" width=\"1200\" \/><\/p>\n<h6><strong>FEST\u0130VAL \u00c7OCUKLARA OYUN, SANAT VE KE\u015e\u0130F DOLU ANLAR SUNUYOR<\/strong><\/h6>\n<p>Festival boyunca \u015eanl\u0131urfa, \u00e7ocuklara oyun, sanat ve ke\u015fif dolu unutulmaz deneyimler ya\u015fatmaya devam ediyor. \u015eanl\u0131urfa Arkeoloji M\u00fczesi Arkeopark\u2019ta kurulan \u201c\u00c7ocuk K\u00f6y\u00fc\u201d, renkli aktiviteler, at\u00f6lye \u00e7al\u0131\u015fmalar\u0131, sahne g\u00f6sterileri ve oyun alanlar\u0131yla minik ziyaret\u00e7ilerin bulu\u015fma noktas\u0131 haline geliyor.<\/p>\n<p><img loading=\"lazy\" decoding=\"async\" alt=\"\u015eanl\u0131urfa'da K\u00fclt\u00fcr Yolu Festivali sanat ve \u00e7ocuk etkinlikleriyle renklendi!\" class=\"mx-auto max-w-full h-auto shadow-sm\" height=\"800\" src=\"https:\/\/www.urfahaber.com\/images\/uploads\/2026\/04\/sanliurfa-3-gun-26-69f06870c62b8.jpg\" width=\"1200\" \/><\/p>\n<h6><strong>E\u011eLENCE VE \u00d6\u011eRENME B\u0130R ARADA SUNULUYOR<\/strong><\/h6>\n<p>Etkinlik alan\u0131nda \u00e7ocuklar, hem e\u011flenme hem de \u00f6\u011frenme imkan\u0131 bulurken, festival s\u00fcresince haz\u0131rlanan programlarla k\u00fclt\u00fcrel ve sosyal etkile\u015fim destekleniyor.<\/p>\n<p><img loading=\"lazy\" decoding=\"async\" alt=\"\u015eanl\u0131urfa'da K\u00fclt\u00fcr Yolu Festivali sanat ve \u00e7ocuk etkinlikleriyle renklendi!\" class=\"mx-auto max-w-full h-auto shadow-sm\" height=\"802\" src=\"https:\/\/www.urfahaber.com\/images\/uploads\/2026\/04\/sanliurfa-3-gun-19-69f06880b1aa8.jpg\" width=\"1200\" \/><\/p>\n<h6><strong>RAFADAN TAYFA \u0130LE S\u0130NEMA KEYF\u0130<\/strong><\/h6>\n<p>\u015eanl\u0131urfa Arkeoloji M\u00fczesi Sinevizyon Alan\u0131\u2019nda ger\u00e7ekle\u015ftirilen \u201cRafadan Tayfa \u00c7ocuk Film G\u00f6sterimi\u201d kapsam\u0131nda \u00e7ocuklar, sevilen \u00e7izgi film kahramanlar\u0131yla bulu\u015fma imkan\u0131 buldu.<\/p>\n<p><img loading=\"lazy\" decoding=\"async\" alt=\"\u015eanl\u0131urfa'da K\u00fclt\u00fcr Yolu Festivali sanat ve \u00e7ocuk etkinlikleriyle renklendi!\" class=\"mx-auto max-w-full h-auto shadow-sm\" height=\"800\" src=\"https:\/\/www.urfahaber.com\/images\/uploads\/2026\/04\/sanliurfa-3-gun-3-69f0689050abc.jpg\" width=\"1200\" \/><\/p>\n<h6><strong>D\u0130J\u0130TAL FARKINDALIK AT\u00d6LYES\u0130 D\u00dcZENLEND\u0130<\/strong><\/h6>\n<p>Ayr\u0131ca \u015eanl\u0131urfa \u00c7ocuk ve Gen\u00e7lik K\u00fct\u00fcphanesi \u00c7ocuk B\u00f6l\u00fcm\u00fc\u2019nde d\u00fczenlenen \u201cSa\u011fl\u0131kl\u0131 Dijital Al\u0131\u015fkanl\u0131klar At\u00f6lyesi\u201dnde B\u00fc\u015fra Vural \u015eenel taraf\u0131ndan \u201cEyvah! Arkada\u015f\u0131m Bir Tablet\u201d kitab\u0131 \u00fczerinden bilin\u00e7lendirme \u00e7al\u0131\u015fmas\u0131 ger\u00e7ekle\u015ftirildi. At\u00f6lye kapsam\u0131nda \u00e7ocuklara dijital ara\u00e7lar\u0131n do\u011fru ve dengeli kullan\u0131m\u0131 konusunda fark\u0131ndal\u0131k kazand\u0131r\u0131lmas\u0131 hedeflendi.<\/p>\n<p><img loading=\"lazy\" decoding=\"async\" alt=\"\u015eanl\u0131urfa'da K\u00fclt\u00fcr Yolu Festivali sanat ve \u00e7ocuk etkinlikleriyle renklendi!\" class=\"mx-auto max-w-full h-auto shadow-sm\" height=\"802\" src=\"https:\/\/www.urfahaber.com\/images\/uploads\/2026\/04\/sanliurfa-3-gun-23-69f068a02dffd.jpg\" width=\"1200\" \/><\/p>\n","protected":false},"excerpt":{"rendered":"<p>\u015eanl\u0131urfa K\u00fclt\u00fcr Yolu Festivali kapsam\u0131nda \u00fc\u00e7\u00fcnc\u00fc g\u00fcnde d\u00fczenlenen etkinlikler, geleneksel el sanatlar\u0131 ile \u00e7ocuklara y\u00f6nelik&#8230;<\/p>\n","protected":false},"author":1,"featured_media":4867,"comment_status":"closed","ping_status":"closed","sticky":false,"template":"","format":"standard","meta":{"footnotes":""},"categories":[1],"tags":[],"class_list":["post-4866","post","type-post","status-publish","format-standard","has-post-thumbnail","hentry","category-guncel-haberler"],"_links":{"self":[{"href":"https:\/\/urfamagazin.com\/index.php?rest_route=\/wp\/v2\/posts\/4866","targetHints":{"allow":["GET"]}}],"collection":[{"href":"https:\/\/urfamagazin.com\/index.php?rest_route=\/wp\/v2\/posts"}],"about":[{"href":"https:\/\/urfamagazin.com\/index.php?rest_route=\/wp\/v2\/types\/post"}],"author":[{"embeddable":true,"href":"https:\/\/urfamagazin.com\/index.php?rest_route=\/wp\/v2\/users\/1"}],"replies":[{"embeddable":true,"href":"https:\/\/urfamagazin.com\/index.php?rest_route=%2Fwp%2Fv2%2Fcomments&post=4866"}],"version-history":[{"count":0,"href":"https:\/\/urfamagazin.com\/index.php?rest_route=\/wp\/v2\/posts\/4866\/revisions"}],"wp:featuredmedia":[{"embeddable":true,"href":"https:\/\/urfamagazin.com\/index.php?rest_route=\/wp\/v2\/media\/4867"}],"wp:attachment":[{"href":"https:\/\/urfamagazin.com\/index.php?rest_route=%2Fwp%2Fv2%2Fmedia&parent=4866"}],"wp:term":[{"taxonomy":"category","embeddable":true,"href":"https:\/\/urfamagazin.com\/index.php?rest_route=%2Fwp%2Fv2%2Fcategories&post=4866"},{"taxonomy":"post_tag","embeddable":true,"href":"https:\/\/urfamagazin.com\/index.php?rest_route=%2Fwp%2Fv2%2Ftags&post=4866"}],"curies":[{"name":"wp","href":"https:\/\/api.w.org\/{rel}","templated":true}]}}