{"id":4880,"date":"2026-04-28T12:24:25","date_gmt":"2026-04-28T12:24:25","guid":{"rendered":"https:\/\/urfamagazin.com\/?p=4880"},"modified":"2026-04-28T12:24:25","modified_gmt":"2026-04-28T12:24:25","slug":"sanliurfayi-kesfedenlerin-ortak-noktasi-on-yargim-tamamen-degisti","status":"publish","type":"post","link":"https:\/\/urfamagazin.com\/?p=4880","title":{"rendered":"\u015eanl\u0131urfa&#8217;y\u0131 ke\u015ffedenlerin ortak noktas\u0131: &#8220;\u00d6n yarg\u0131m tamamen de\u011fi\u015fti&#8221;!"},"content":{"rendered":"<p>Anadolu&#8217;nun kadim topraklar\u0131 \u00fczerinde yer alan, k\u00fclt\u00fcrel ve tarihi miras\u0131yla adeta bir a\u00e7\u0131k hava m\u00fczesini and\u0131ran \u015eanl\u0131urfa, turizmde cazibe merkezi olmaya devam ediyor.<\/p>\n<p>&#8220;Peygamberler \u015eehri&#8221; olarak bilinen manevi atmosferi, insanl\u0131k tarihini yeniden yazd\u0131ran G\u00f6beklitepe\u2019si ve F\u0131rat\u2019\u0131n incisi sular alt\u0131nda kalan Halfeti\u2019si ile kent, misafirlerine unutulmaz bir rota sunuyor.<\/p>\n<p>\u00d6zellikle me\u015fhur Urfa ci\u011feri, lahmacunu ve y\u00f6resel lezzetleriyle gastronomi tutkunlar\u0131n\u0131n da vazge\u00e7ilmez adresi olan \u015eanl\u0131urfa, misafirperver esnaf\u0131 ve s\u0131cakkanl\u0131 halk\u0131yla da kente gelenlerin g\u00f6nl\u00fcnde taht kuruyor.<\/p>\n<p>T\u00fcrkiye&#8217;nin bat\u0131s\u0131ndan ve g\u00fcneyinden \u015eanl\u0131urfa&#8217;n\u0131n tarihi zenginliklerini ke\u015ffetmeye gelen vatanda\u015flar, \u015fehirle ilgili izlenimlerini payla\u015ft\u0131. \u00c7o\u011fu ziyaret\u00e7i, gelmeden \u00f6nce uzakl\u0131k veya duyumlar \u00fczerinden olu\u015fan \u00f6n yarg\u0131lar\u0131n, \u015fehre ad\u0131m atar atmaz yerini b\u00fcy\u00fck bir hayranl\u0131\u011fa b\u0131rakt\u0131\u011f\u0131n\u0131 kaydetti.<\/p>\n<h6><strong>&#8220;\u015eANLIURFA \u00c7OK G\u00dcZEL, \u00c7OK B\u00dcY\u00dcK B\u0130R \u015eEH\u0130R&#8221;<\/strong><\/h6>\n<p>Manisa\u2019dan gelerek kenti ke\u015ffeden bir \u00e7ift, &#8220;Biz Manisa&#8217;dan geliyoruz \u015eanl\u0131urfa G\u00f6rd\u00fc\u011f\u00fcm\u00fcz kadar\u0131yla \u00e7ok g\u00fczel, \u00e7ok b\u00fcy\u00fck bir \u015fehir. \u0130nsanlar\u0131 \u00e7ok sevdim \u00e7ok g\u00fczel, \u00e7ok s\u0131cakkanl\u0131 ve yard\u0131msever esnaf\u0131 \u00e7ok s\u0131cak bir \u015fehir. \u015eanl\u0131urfa ile ilgili herhangi bir \u00f6n yarg\u0131m yoktu. Sadece biraz uzak geliyordu. Biz ege&#8217;deyiz bat\u0131 da bir yerdeyiz biraz uzak acaba gidebilir miyiz diyorduk ama geldik.&#8221; dedi.<\/p>\n<h6><strong>&#8220;C\u0130\u011eER\u0130 YEMEDEN G\u0130TMEY\u0130N DER\u0130M&#8221;<\/strong><\/h6>\n<p>Antalya\u2019dan \u015eanl\u0131urfa\u2019ya gelen ve medyadaki alg\u0131 ile ger\u00e7eklik aras\u0131ndaki farka dikkat \u00e7eken bir ba\u015fka vatanda\u015f ise, &#8220;Ben Antalya&#8217;dan geliyorum \u00e7ok g\u00fczel bir yer hem turizm olarak \u00e7ok g\u00fczel bir yer medyada g\u00f6rd\u00fc\u011f\u00fcm kadar\u0131yla biraz \u00f6nyarg\u0131m vard\u0131 ama geldikten sonra \u00f6nyarg\u0131m tamamen de\u011fi\u015fti. yemekleri \u00e7ok g\u00fczel, ci\u011feri yemeden gitmeyin derim ci\u011feri \u00e7ok g\u00fczel. \u0130lk olarak bal\u0131kl\u0131g\u00f6l&#8217;e geldim ondan sonra halfeti&#8217;ye gitmeyi d\u00fc\u015f\u00fcn\u00fcyorum.&#8221; ifadelerini kulla<\/p>\n<h6><strong>&#8220;\u0130LK HEDEF\u0130M\u0130Z \u0130LK GELD\u0130\u011e\u0130M\u0130Z YER BALIKLIG\u00d6L OLDU&#8221;<\/strong><\/h6>\n<p>\u015eehrin atmosferini solumak isteyen ve rotas\u0131na Bal\u0131kl\u0131g\u00f6l&#8217;den ba\u015flayan bir di\u011fer ziyaret\u00e7i de, &#8220;\u015eanl\u0131urfa \u00c7ok g\u00fczel bir memleket. Hem hava olarak \u00e7ok g\u00fczel. \u0130lk hedefimiz ilk geldi\u011fimiz yer bal\u0131kl\u0131 g\u00f6l oldu, daha gezece\u011fiz in\u015fallah. Yemeklerini daha tatmad\u0131m f\u0131rsat\u0131m olmad\u0131. tadaca\u011f\u0131m in\u015fallah. \u015eanl\u0131urfa ile ilgili \u00f6nyarg\u0131 \u015f\u00f6yle oluyor, etraftan duydu\u011fumuz kadar\u0131yla arkada\u015f \u00e7evresiyle Urfa&#8217;n\u0131n hani biraz daha k\u00fclt\u00fcr\u00fcn\u00fc biliyoruz. G\u00fczel bir memleket \u00e7ok fazla bir \u00f6nyarg\u0131m olmad\u0131.&#8221; \u015feklinde konu\u015ftu.<\/p>\n<p>\u015eanl\u0131urfa; kadim tarihi, G\u00f6beklitepe\u2019si, Halfeti\u2019si ve tescilli lezzetleriyle turizm sezonunda misafirlerini en iyi \u015fekilde a\u011f\u0131rlamaya devam etmekte.<\/p>\n","protected":false},"excerpt":{"rendered":"<p>Anadolu&#8217;nun kadim topraklar\u0131 \u00fczerinde yer alan, k\u00fclt\u00fcrel ve tarihi miras\u0131yla adeta bir a\u00e7\u0131k hava m\u00fczesini&#8230;<\/p>\n","protected":false},"author":1,"featured_media":0,"comment_status":"closed","ping_status":"closed","sticky":false,"template":"","format":"standard","meta":{"footnotes":""},"categories":[1],"tags":[],"class_list":["post-4880","post","type-post","status-publish","format-standard","hentry","category-guncel-haberler"],"_links":{"self":[{"href":"https:\/\/urfamagazin.com\/index.php?rest_route=\/wp\/v2\/posts\/4880","targetHints":{"allow":["GET"]}}],"collection":[{"href":"https:\/\/urfamagazin.com\/index.php?rest_route=\/wp\/v2\/posts"}],"about":[{"href":"https:\/\/urfamagazin.com\/index.php?rest_route=\/wp\/v2\/types\/post"}],"author":[{"embeddable":true,"href":"https:\/\/urfamagazin.com\/index.php?rest_route=\/wp\/v2\/users\/1"}],"replies":[{"embeddable":true,"href":"https:\/\/urfamagazin.com\/index.php?rest_route=%2Fwp%2Fv2%2Fcomments&post=4880"}],"version-history":[{"count":0,"href":"https:\/\/urfamagazin.com\/index.php?rest_route=\/wp\/v2\/posts\/4880\/revisions"}],"wp:attachment":[{"href":"https:\/\/urfamagazin.com\/index.php?rest_route=%2Fwp%2Fv2%2Fmedia&parent=4880"}],"wp:term":[{"taxonomy":"category","embeddable":true,"href":"https:\/\/urfamagazin.com\/index.php?rest_route=%2Fwp%2Fv2%2Fcategories&post=4880"},{"taxonomy":"post_tag","embeddable":true,"href":"https:\/\/urfamagazin.com\/index.php?rest_route=%2Fwp%2Fv2%2Ftags&post=4880"}],"curies":[{"name":"wp","href":"https:\/\/api.w.org\/{rel}","templated":true}]}}