{"id":4885,"date":"2026-04-28T13:25:46","date_gmt":"2026-04-28T13:25:46","guid":{"rendered":"https:\/\/urfamagazin.com\/?p=4885"},"modified":"2026-04-28T13:25:46","modified_gmt":"2026-04-28T13:25:46","slug":"tutuklandigini-ogrenince-adliye-binasinin-2nci-katindan-atladi","status":"publish","type":"post","link":"https:\/\/urfamagazin.com\/?p=4885","title":{"rendered":"Tutukland\u0131\u011f\u0131n\u0131 \u00f6\u011frenince adliye binas\u0131n\u0131n 2\u2019nci kat\u0131ndan atlad\u0131!"},"content":{"rendered":"<p>Olay, saat 11.30 s\u0131ralar\u0131nda Ere\u011fli Adalet Saray\u0131\u2019nda meydana geldi. Narkotik B\u00fcro Amirli\u011fi ekipleri taraf\u0131ndan yap\u0131lan operasyonda uyu\u015fturucu madde sat\u0131\u015f\u0131 yapt\u0131\u011f\u0131 iddias\u0131 ile S.K. g\u00f6zalt\u0131na al\u0131nd\u0131.<\/p>\n<h2><strong>ADRES\u0130NDE UYU\u015eTURUCU ELE GE\u00c7\u0130R\u0130LD\u0130<\/strong><\/h2>\n<p>\u015e\u00fcphelinin adresinde yap\u0131lan aramada, 100 gram uyu\u015fturucu madde ile 45 sentetik hap ele ge\u00e7irildi. \u0130l\u00e7e Emniyet M\u00fcd\u00fcrl\u00fc\u011f\u00fc\u2019nde al\u0131nan ifadesinin ard\u0131ndan adliyeye sevk edilen S.K.\u2019nin, \u00e7\u0131kar\u0131ld\u0131\u011f\u0131 Sulh Ceza Mahkemesi\u2019nde tutuklanmas\u0131na karar verildi.<\/p>\n<h2><strong>TUTUKLAMA KARARINI DUYUNCA KEND\u0130N\u0130 BO\u015eLU\u011eA BIRAKTI<\/strong><\/h2>\n<p>Karar\u0131 \u00f6\u011frenen S.K., adliye binas\u0131n\u0131n 2\u2019nci kat\u0131n\u0131n penceresinden atlad\u0131. A\u011f\u0131r yaralanan S.K., \u00e7a\u011f\u0131r\u0131lan sa\u011fl\u0131k ekiplerinin ilk m\u00fcdahalesinin ard\u0131ndan hastaneye kald\u0131r\u0131larak tedaviye al\u0131nd\u0131.<\/p>\n<p>kaynak:DHA<\/p>\n","protected":false},"excerpt":{"rendered":"<p>Olay, saat 11.30 s\u0131ralar\u0131nda Ere\u011fli Adalet Saray\u0131\u2019nda meydana geldi. Narkotik B\u00fcro Amirli\u011fi ekipleri taraf\u0131ndan yap\u0131lan&#8230;<\/p>\n","protected":false},"author":1,"featured_media":0,"comment_status":"closed","ping_status":"closed","sticky":false,"template":"","format":"standard","meta":{"footnotes":""},"categories":[1],"tags":[],"class_list":["post-4885","post","type-post","status-publish","format-standard","hentry","category-guncel-haberler"],"_links":{"self":[{"href":"https:\/\/urfamagazin.com\/index.php?rest_route=\/wp\/v2\/posts\/4885","targetHints":{"allow":["GET"]}}],"collection":[{"href":"https:\/\/urfamagazin.com\/index.php?rest_route=\/wp\/v2\/posts"}],"about":[{"href":"https:\/\/urfamagazin.com\/index.php?rest_route=\/wp\/v2\/types\/post"}],"author":[{"embeddable":true,"href":"https:\/\/urfamagazin.com\/index.php?rest_route=\/wp\/v2\/users\/1"}],"replies":[{"embeddable":true,"href":"https:\/\/urfamagazin.com\/index.php?rest_route=%2Fwp%2Fv2%2Fcomments&post=4885"}],"version-history":[{"count":0,"href":"https:\/\/urfamagazin.com\/index.php?rest_route=\/wp\/v2\/posts\/4885\/revisions"}],"wp:attachment":[{"href":"https:\/\/urfamagazin.com\/index.php?rest_route=%2Fwp%2Fv2%2Fmedia&parent=4885"}],"wp:term":[{"taxonomy":"category","embeddable":true,"href":"https:\/\/urfamagazin.com\/index.php?rest_route=%2Fwp%2Fv2%2Fcategories&post=4885"},{"taxonomy":"post_tag","embeddable":true,"href":"https:\/\/urfamagazin.com\/index.php?rest_route=%2Fwp%2Fv2%2Ftags&post=4885"}],"curies":[{"name":"wp","href":"https:\/\/api.w.org\/{rel}","templated":true}]}}