{"id":4888,"date":"2026-04-28T14:43:17","date_gmt":"2026-04-28T14:43:17","guid":{"rendered":"https:\/\/urfamagazin.com\/?p=4888"},"modified":"2026-04-28T14:43:17","modified_gmt":"2026-04-28T14:43:17","slug":"vekil-senyasar-kayyimlar-sorusturulmali","status":"publish","type":"post","link":"https:\/\/urfamagazin.com\/?p=4888","title":{"rendered":"Vekil \u015eenya\u015far: &#8220;Kayy\u0131mlar soru\u015fturulmal\u0131&#8221;"},"content":{"rendered":"<p>DEM Parti \u015eanl\u0131urfa Milletvekili Ferit \u015eenya\u015far, T\u00fcrkiye B\u00fcy\u00fck Millet Meclisi Genel Kurulu (TBMM)\u2019nda yapt\u0131\u011f\u0131 konu\u015fmada h\u00fck\u00fcmet politikalar\u0131n\u0131 ve kayy\u0131m uygulamalar\u0131n\u0131 de\u011ferlendirdi. \u015eenya\u015far, iktidardaki Adalet ve Kalk\u0131nma Partisi\u2019nin kurulu\u015f d\u00f6nemindeki s\u00f6ylemlerinden uzakla\u015ft\u0131\u011f\u0131n\u0131 savundu.<\/p>\n<p><strong>\u201cKAMU VARLIKLARI SATILIYOR\u201d<\/strong><\/p>\n<p>\u015eenya\u015far, \u201cKimsesizlerin kimi olarak yola \u00e7\u0131kan AK Parti, zenginlerin, patronlar\u0131n, sermayenin hizmetkar\u0131 oldu\u201d ifadelerini kulland\u0131. Ekonomik politikalara de\u011finen \u015eenya\u015far, \u201cYollar, k\u00f6pr\u00fcler sat\u0131l\u0131yor. Meralar, zeytinlikler rezerv alan ilan edilerek yabanc\u0131 \u015firketlere tahsis ediliyor. \u00dclkenin her yerinden adalet feryatlar\u0131 yank\u0131lan\u0131yor\u201d ifadelerini kulland\u0131.<\/p>\n<p><strong>\u201cCEZAEVLER\u0130 ZUL\u00dcM EVLER\u0130NE D\u00d6N\u00dc\u015eT\u00dc\u201d<\/strong><\/p>\n<p>Cezaevlerindeki duruma dikkat \u00e7eken \u015eenya\u015far, \u201cCezaevleri kapasite fazlal\u0131\u011f\u0131ndan dolay\u0131 zul\u00fcm evlerine d\u00f6n\u00fc\u015fm\u00fc\u015f. \u0130nfaz d\u00fczenlemesi bir zorunluluk haline gelmi\u015ftir\u201d dedi. Ayr\u0131ca, \u201c12. Yarg\u0131 Paketi toplumsal talepler dikkate al\u0131narak haz\u0131rlanmal\u0131\u201d \u00e7a\u011fr\u0131s\u0131nda bulundu.<\/p>\n<p><strong>\u201cKAYYIMLAR SORU\u015eTURULMALI\u201d<\/strong><\/p>\n<p>Kayy\u0131m atamalar\u0131na tepki g\u00f6steren \u015eenya\u015far, \u201cBelediyelere atanan kayy\u0131mlar \u00fclkeye ihanet ediyorlar\u201d dedi. Halfeti Belediyesi\u2019ne y\u00f6nelik soru\u015fturmay\u0131 hat\u0131rlatan \u015eenya\u015far, \u201cHalfeti Belediyesi\u2019ne a\u00e7\u0131lan soru\u015fturma sonucu h\u0131rs\u0131zl\u0131k, yolsuzluk ve r\u00fc\u015fvet su\u00e7lar\u0131ndan kayy\u0131m\u0131n i\u00e7inde oldu\u011fu 29 ki\u015fi tutukland\u0131. Kayy\u0131m soru\u015fturmas\u0131 sadece Halfeti\u2019yle s\u0131n\u0131rl\u0131 kalmamal\u0131\u201d ifadelerini kulland\u0131.<\/p>\n<p><strong>\u201cSURU\u00c7 BA\u015eTA OLMAK \u00dcZERE T\u00dcM KAYYIMLAR YARGILANMALI\u201d<\/strong><\/p>\n<p>\u015eenya\u015far, Suru\u00e7 Belediyesi\u2019ne atanan kayy\u0131m \u0130brahim G\u00fcne\u015f hakk\u0131nda da, \u201cAyn\u0131 su\u00e7un daha fazlas\u0131n\u0131 Suru\u00e7 Belediyesi\u2019ne kayy\u0131m olarak atanan \u0130brahim G\u00fcne\u015f de i\u015flemi\u015ftir. Suru\u00e7 ba\u015fta olmak \u00fczere belediyelere atanan b\u00fct\u00fcn kayy\u0131mlar soru\u015fturmaya dahil edilmeli, adil bir \u015fekilde yarg\u0131lanmal\u0131d\u0131r\u201d dedi.<\/p>\n","protected":false},"excerpt":{"rendered":"<p>DEM Parti \u015eanl\u0131urfa Milletvekili Ferit \u015eenya\u015far, T\u00fcrkiye B\u00fcy\u00fck Millet Meclisi Genel Kurulu (TBMM)\u2019nda yapt\u0131\u011f\u0131 konu\u015fmada&#8230;<\/p>\n","protected":false},"author":1,"featured_media":0,"comment_status":"closed","ping_status":"closed","sticky":false,"template":"","format":"standard","meta":{"footnotes":""},"categories":[1],"tags":[],"class_list":["post-4888","post","type-post","status-publish","format-standard","hentry","category-guncel-haberler"],"_links":{"self":[{"href":"https:\/\/urfamagazin.com\/index.php?rest_route=\/wp\/v2\/posts\/4888","targetHints":{"allow":["GET"]}}],"collection":[{"href":"https:\/\/urfamagazin.com\/index.php?rest_route=\/wp\/v2\/posts"}],"about":[{"href":"https:\/\/urfamagazin.com\/index.php?rest_route=\/wp\/v2\/types\/post"}],"author":[{"embeddable":true,"href":"https:\/\/urfamagazin.com\/index.php?rest_route=\/wp\/v2\/users\/1"}],"replies":[{"embeddable":true,"href":"https:\/\/urfamagazin.com\/index.php?rest_route=%2Fwp%2Fv2%2Fcomments&post=4888"}],"version-history":[{"count":0,"href":"https:\/\/urfamagazin.com\/index.php?rest_route=\/wp\/v2\/posts\/4888\/revisions"}],"wp:attachment":[{"href":"https:\/\/urfamagazin.com\/index.php?rest_route=%2Fwp%2Fv2%2Fmedia&parent=4888"}],"wp:term":[{"taxonomy":"category","embeddable":true,"href":"https:\/\/urfamagazin.com\/index.php?rest_route=%2Fwp%2Fv2%2Fcategories&post=4888"},{"taxonomy":"post_tag","embeddable":true,"href":"https:\/\/urfamagazin.com\/index.php?rest_route=%2Fwp%2Fv2%2Ftags&post=4888"}],"curies":[{"name":"wp","href":"https:\/\/api.w.org\/{rel}","templated":true}]}}