{"id":4891,"date":"2026-04-28T16:21:03","date_gmt":"2026-04-28T16:21:03","guid":{"rendered":"https:\/\/urfamagazin.com\/?p=4891"},"modified":"2026-04-28T16:21:03","modified_gmt":"2026-04-28T16:21:03","slug":"urfa-valiligi-duyurdu-dijital-donem-basladi","status":"publish","type":"post","link":"https:\/\/urfamagazin.com\/?p=4891","title":{"rendered":"Urfa Valili\u011fi duyurdu: Dijital d\u00f6nem ba\u015flad\u0131!"},"content":{"rendered":"<p>\u201c\u015eanl\u0131urfa Dijital Turizm Tan\u0131t\u0131m Platformu\u201d ad\u0131yla hizmete sunulan sistem, kentin turizm potansiyelini dijital d\u00fcnyaya ta\u015f\u0131yor.<\/p>\n<p><strong>\u015eANLIURFA VAL\u0130S\u0130 HASAN \u015eILDAK PAYLA\u015eIMDA BULUNDU<\/strong><\/p>\n<p>Uygulama ile ilgili sosyal medya hesaplar\u0131ndan bir payla\u015f\u0131m yapan \u015eanl\u0131urfa Valisi Hasan \u015e\u0131ldak, \u201c\u00c7ok say\u0131da medeniyetin izlerini ta\u015f\u0131yan \u015eanl\u0131urfa\u2019m\u0131z\u0131n tarih\u00ee ve k\u00fclt\u00fcrel de\u011ferlerini dijital d\u00fcnyan\u0131n imk\u00e2nlar\u0131yla daha geni\u015f kitlelere ula\u015ft\u0131r\u0131yoruz. Yeni olu\u015fturdu\u011fumuz \u015eanl\u0131urfa Dijital Turizm Tan\u0131t\u0131m Platformu arac\u0131l\u0131\u011f\u0131yla \u015fehrimizin e\u015fsiz k\u00fclt\u00fcrel miras\u0131n\u0131 i\u00e7eren turizm tan\u0131t\u0131m rehberleri ve turizm haritalar\u0131na h\u0131zl\u0131 ve g\u00fcncel olarak eri\u015fim sa\u011flanabiliyor. Ziyaret\u00e7ilerimiz ve \u015eanl\u0131urfa ile ilgili bilgi almak isteyenler bu platform \u00fczerinden \u015eehrimize dair kapsaml\u0131 bilgilere an\u0131nda ula\u015fabilecek, dijital rehber e\u015fli\u011finde her k\u00f6\u015fesinde ayr\u0131 bir zenginlik ve renklilik bulunan bu \u00e7ok y\u00f6nl\u00fc co\u011frafyay\u0131 daha yak\u0131ndan tan\u0131ma imk\u00e2n\u0131 bulacaklar\u201d ifadelerini kulland\u0131.\u00a0<\/p>\n<p style=\"margin-bottom:13px\"><strong>\u015eANLIURFA\u2019NIN\u00a0TANITILMASI VE GELECEK NES\u0130LLERE AKTARILMASI\u00a0HEDEFLER ARASINDA<\/strong><\/p>\n<p>Vali \u015e\u0131ldak\u2019\u0131n yapt\u0131\u011f\u0131 payla\u015f\u0131ma g\u00f6re, \u00e7al\u0131\u015fma ile \u015eanl\u0131urfa\u2019n\u0131n sahip oldu\u011fu k\u00fclt\u00fcrel de\u011ferlerin korunmas\u0131, tan\u0131t\u0131lmas\u0131 ve gelecek nesillere aktar\u0131lmas\u0131 da hedefler aras\u0131nda yer al\u0131yor.\u00a0<\/p>\n<p><strong>QR KODLA\u00a0\u0130\u00c7ER\u0130KLERE ER\u0130\u015e\u0130LEB\u0130LECEK<\/strong><\/p>\n<p>Vali \u015e\u0131ldak payla\u015f\u0131m\u0131nda, \u015eanl\u0131urfa\u2019y\u0131 ke\u015ffetmek isteyenlerin urfakulturatlasi.com.tr\/turizm.html adresi \u00fczerinden platforma ula\u015fabilece\u011fine ya da tan\u0131t\u0131m kartlar\u0131nda yer alan QR kodlar\u0131 mobil cihazlar\u0131yla okutarak i\u00e7eriklere eri\u015febilece\u011fine de yer verdi.\u00a0<\/p>\n<p><strong>\u0130NTERNET \u00dcZER\u0130NDEN ER\u0130\u015e\u0130M SA\u011eLANAB\u0130LECEK<\/strong><\/p>\n<p>\u015eanl\u0131urfa Dijital Turizm Tan\u0131t\u0131m Platformu \u015eanl\u0131urfa Valili\u011fi taraf\u0131ndan y\u00fcr\u00fct\u00fclecek. \u015eehrin farkl\u0131 yerlerinde ve turizm i\u015fletmelerinde yer alacak tan\u0131t\u0131m materyali \u00fczerindeki kodlar cep telefonu ile okututularak veya internet \u00fczerinden \u015eanl\u0131urfa turizm rehberi ve haritalar\u0131na eri\u015fim sa\u011flanabilecek.<\/p>\n","protected":false},"excerpt":{"rendered":"<p>\u201c\u015eanl\u0131urfa Dijital Turizm Tan\u0131t\u0131m Platformu\u201d ad\u0131yla hizmete sunulan sistem, kentin turizm potansiyelini dijital d\u00fcnyaya ta\u015f\u0131yor&#8230;.<\/p>\n","protected":false},"author":1,"featured_media":0,"comment_status":"closed","ping_status":"closed","sticky":false,"template":"","format":"standard","meta":{"footnotes":""},"categories":[1],"tags":[],"class_list":["post-4891","post","type-post","status-publish","format-standard","hentry","category-guncel-haberler"],"_links":{"self":[{"href":"https:\/\/urfamagazin.com\/index.php?rest_route=\/wp\/v2\/posts\/4891","targetHints":{"allow":["GET"]}}],"collection":[{"href":"https:\/\/urfamagazin.com\/index.php?rest_route=\/wp\/v2\/posts"}],"about":[{"href":"https:\/\/urfamagazin.com\/index.php?rest_route=\/wp\/v2\/types\/post"}],"author":[{"embeddable":true,"href":"https:\/\/urfamagazin.com\/index.php?rest_route=\/wp\/v2\/users\/1"}],"replies":[{"embeddable":true,"href":"https:\/\/urfamagazin.com\/index.php?rest_route=%2Fwp%2Fv2%2Fcomments&post=4891"}],"version-history":[{"count":0,"href":"https:\/\/urfamagazin.com\/index.php?rest_route=\/wp\/v2\/posts\/4891\/revisions"}],"wp:attachment":[{"href":"https:\/\/urfamagazin.com\/index.php?rest_route=%2Fwp%2Fv2%2Fmedia&parent=4891"}],"wp:term":[{"taxonomy":"category","embeddable":true,"href":"https:\/\/urfamagazin.com\/index.php?rest_route=%2Fwp%2Fv2%2Fcategories&post=4891"},{"taxonomy":"post_tag","embeddable":true,"href":"https:\/\/urfamagazin.com\/index.php?rest_route=%2Fwp%2Fv2%2Ftags&post=4891"}],"curies":[{"name":"wp","href":"https:\/\/api.w.org\/{rel}","templated":true}]}}