{"id":4899,"date":"2026-04-28T18:33:14","date_gmt":"2026-04-28T18:33:14","guid":{"rendered":"https:\/\/urfamagazin.com\/?p=4899"},"modified":"2026-04-28T18:33:14","modified_gmt":"2026-04-28T18:33:14","slug":"vekil-ayan-halfetideki-yol-sorununu-meclis-gundemine-tasidi","status":"publish","type":"post","link":"https:\/\/urfamagazin.com\/?p=4899","title":{"rendered":"Vekil Ayan, Halfeti&#8217;deki yol sorununu Meclis g\u00fcndemine ta\u015f\u0131d\u0131!"},"content":{"rendered":"<p>DEM Parti \u015eanl\u0131urfa Milletvekili Dilan Kunt Ayan,\u00a0Birecik\u2013Halfeti yolundaki sorunlar\u0131 T\u00fcrkiye B\u00fcy\u00fck Millet Meclisi\u00a0g\u00fcndemine ta\u015f\u0131d\u0131. Birecik\u2013Halfeti yolunun baz\u0131 kesimlerinde olu\u015fan \u00e7ukur, \u00e7\u00f6kme ve yol bozulmalar\u0131n\u0131n s\u00fcr\u00fcc\u00fcler i\u00e7in risk olu\u015fturdu\u011fu iddia edildi. B\u00f6lgeyi s\u0131k kullanan vatanda\u015flar, yolun mevcut durumunun trafik g\u00fcvenli\u011fini olumsuz etkiledi\u011fini belirterek yetkililerden acil \u00e7\u00f6z\u00fcm talep ediyor.<\/p>\n<p><strong>VEK\u0130L\u00a0AYAN TBMM G\u00dcNDEM\u0130NE TA\u015eIDI<\/strong><\/p>\n<p>DEM Parti \u015eanl\u0131urfa Milletvekili Dilan Kunt Ayan, Birecik\u2013Halfeti yolundaki sorunlar\u0131 T\u00fcrkiye B\u00fcy\u00fck Millet Meclisi (TBMM) g\u00fcndemine ta\u015f\u0131d\u0131. Ayan, yolun uzun s\u00fcredir vatanda\u015flardan \u015fik\u00e2yet ald\u0131\u011f\u0131n\u0131 belirterek Ula\u015ft\u0131rma ve Altyap\u0131 Bakanl\u0131\u011f\u0131\u2019na \u00e7a\u011fr\u0131da bulundu ve gerekli bak\u0131m ile onar\u0131m \u00e7al\u0131\u015fmalar\u0131n\u0131n bir an \u00f6nce yap\u0131lmas\u0131 gerekti\u011fini ifade etti.<\/p>\n<p><strong>VATANDA\u015eLAR G\u00dcVENL\u0130 ULA\u015eIM TALEP ED\u0130YOR<\/strong><\/p>\n<p>Yolu kullanan s\u00fcr\u00fcc\u00fcler, baz\u0131 noktalarda olu\u015fan bozulmalar nedeniyle ara\u00e7 kullan\u0131m\u0131n\u0131n zorla\u015ft\u0131\u011f\u0131n\u0131 ve bu durumun trafik g\u00fcvenli\u011fini riske att\u0131\u011f\u0131n\u0131 dile getiriyor. G\u00fcnl\u00fck ula\u015f\u0131mda bu g\u00fczerg\u00e2h\u0131 kullanan vatanda\u015flar, yolun iyile\u015ftirilmesini istiyor.<\/p>\n<p><strong>G\u00d6ZLER ULA\u015eTIRMA VE ALTYAPI BAKANLI\u011eI\u2019NDA<\/strong><\/p>\n<p>B\u00f6lgede ya\u015fanan yol sorununa ili\u015fkin Ula\u015ft\u0131rma ve Altyap\u0131 Bakanl\u0131\u011f\u0131\u2019n\u0131n ataca\u011f\u0131 ad\u0131mlar merakla bekleniyor. Vatanda\u015flar, yolun en k\u0131sa s\u00fcrede iyile\u015ftirilmesini istiyor.<\/p>\n","protected":false},"excerpt":{"rendered":"<p>DEM Parti \u015eanl\u0131urfa Milletvekili Dilan Kunt Ayan,\u00a0Birecik\u2013Halfeti yolundaki sorunlar\u0131 T\u00fcrkiye B\u00fcy\u00fck Millet Meclisi\u00a0g\u00fcndemine ta\u015f\u0131d\u0131. Birecik\u2013Halfeti&#8230;<\/p>\n","protected":false},"author":1,"featured_media":0,"comment_status":"closed","ping_status":"closed","sticky":false,"template":"","format":"standard","meta":{"footnotes":""},"categories":[1],"tags":[],"class_list":["post-4899","post","type-post","status-publish","format-standard","hentry","category-guncel-haberler"],"_links":{"self":[{"href":"https:\/\/urfamagazin.com\/index.php?rest_route=\/wp\/v2\/posts\/4899","targetHints":{"allow":["GET"]}}],"collection":[{"href":"https:\/\/urfamagazin.com\/index.php?rest_route=\/wp\/v2\/posts"}],"about":[{"href":"https:\/\/urfamagazin.com\/index.php?rest_route=\/wp\/v2\/types\/post"}],"author":[{"embeddable":true,"href":"https:\/\/urfamagazin.com\/index.php?rest_route=\/wp\/v2\/users\/1"}],"replies":[{"embeddable":true,"href":"https:\/\/urfamagazin.com\/index.php?rest_route=%2Fwp%2Fv2%2Fcomments&post=4899"}],"version-history":[{"count":0,"href":"https:\/\/urfamagazin.com\/index.php?rest_route=\/wp\/v2\/posts\/4899\/revisions"}],"wp:attachment":[{"href":"https:\/\/urfamagazin.com\/index.php?rest_route=%2Fwp%2Fv2%2Fmedia&parent=4899"}],"wp:term":[{"taxonomy":"category","embeddable":true,"href":"https:\/\/urfamagazin.com\/index.php?rest_route=%2Fwp%2Fv2%2Fcategories&post=4899"},{"taxonomy":"post_tag","embeddable":true,"href":"https:\/\/urfamagazin.com\/index.php?rest_route=%2Fwp%2Fv2%2Ftags&post=4899"}],"curies":[{"name":"wp","href":"https:\/\/api.w.org\/{rel}","templated":true}]}}