{"id":4900,"date":"2026-04-28T19:38:42","date_gmt":"2026-04-28T19:38:42","guid":{"rendered":"https:\/\/urfamagazin.com\/?p=4900"},"modified":"2026-04-28T19:38:42","modified_gmt":"2026-04-28T19:38:42","slug":"palandokenden-esnaf-icin-yapilandirma-talebi","status":"publish","type":"post","link":"https:\/\/urfamagazin.com\/?p=4900","title":{"rendered":"Paland\u00f6ken&#8217;den esnaf i\u00e7in yap\u0131land\u0131rma talebi!"},"content":{"rendered":"<p>TESK Genel Ba\u015fkan\u0131 Bendevi Paland\u00f6ken, esnaf\u0131n ya\u015fad\u0131\u011f\u0131 ekonomik s\u0131k\u0131nt\u0131lara dikkat \u00e7ekerek yeni bir bor\u00e7 yap\u0131land\u0131rmas\u0131n\u0131n ka\u00e7\u0131n\u0131lmaz hale geldi\u011fini s\u00f6yledi. Paland\u00f6ken, b\u00f6yle bir d\u00fczenlemenin hayata ge\u00e7irilmesi durumunda kamuya yakla\u015f\u0131k 300 milyar TL gelir sa\u011flanabilece\u011fini ifade etti.<\/p>\n<p><strong>K\u0130RA STOPAJI ELE\u015eT\u0130R\u0130S\u0130<\/strong><br \/> T\u00fcrkiye Esnaf ve Sanatk\u00e2rlar\u0131 Konfederasyonu Genel Ba\u015fkan\u0131 Paland\u00f6ken, kurumlar vergisinde yap\u0131lan indirimin olumlu oldu\u011funu ancak esnaf \u00fczerindeki y\u00fck\u00fcn devam etti\u011fini belirtti. \u00d6zellikle kira stopaj\u0131na de\u011finen Paland\u00f6ken, y\u00fczde 20\u2019lik kesintinin kald\u0131r\u0131lmas\u0131 gerekti\u011fini savundu. Mevcut sistemin hem m\u00fclk sahibinden hem de esnaftan vergi al\u0131nmas\u0131na yol a\u00e7t\u0131\u011f\u0131n\u0131 ifade ederek bunun \u201c\u00e7ifte vergilendirme\u201d yaratt\u0131\u011f\u0131n\u0131 vurgulad\u0131.<\/p>\n<p><strong>\u201cESNAF KAZANMADI\u011eI PARANIN VERG\u0130S\u0130N\u0130 \u00d6D\u00dcYOR\u201d<\/strong><br \/> Paland\u00f6ken, kira \u00fczerinden yap\u0131lan stopaj\u0131n esnaf i\u00e7in ciddi bir maliyet olu\u015fturdu\u011funu belirterek, k\u00fc\u00e7\u00fck i\u015fletmelerin kazan\u00e7 elde edemedi\u011fi durumlarda bile vergi y\u00fck\u00fcyle kar\u015f\u0131 kar\u015f\u0131ya kald\u0131\u011f\u0131n\u0131 s\u00f6yledi. Bu nedenle stopaj\u0131n kald\u0131r\u0131lmas\u0131n\u0131n esnaf\u0131 rahatlataca\u011f\u0131n\u0131 ifade etti.<\/p>\n<p><strong>\u00d6NCEK\u0130 YAPILANDIRMADA\u00a0156 M\u0130LYAR TL TAHS\u0130L ED\u0130LM\u0130\u015eT\u0130<\/strong><\/p>\n<p>Ge\u00e7mi\u015fte yap\u0131lan yap\u0131land\u0131rma d\u00fczenlemesini hat\u0131rlatan Paland\u00f6ken, bu uygulama sayesinde yakla\u015f\u0131k 156 milyar TL\u2019nin kamuya kazand\u0131r\u0131ld\u0131\u011f\u0131n\u0131 belirtti. Yeni bir yap\u0131land\u0131rman\u0131n da benzer \u015fekilde hem vatanda\u015f hem de devlet a\u00e7\u0131s\u0131ndan olumlu sonu\u00e7lar do\u011furaca\u011f\u0131n\u0131 kaydetti.<\/p>\n<p><strong>BOR\u00c7 Y\u00dcK\u00dc ESNAFI ZORLUYOR<\/strong><\/p>\n<p>Kredi kart\u0131 bor\u00e7lar\u0131, vergi \u00f6demeleri ve sosyal g\u00fcvenlik primleri nedeniyle esnaf\u0131n \u00f6deme g\u00fc\u00e7l\u00fc\u011f\u00fc ya\u015fad\u0131\u011f\u0131n\u0131 s\u00f6yleyen Paland\u00f6ken, d\u00fc\u015f\u00fck faizli ve uzun vadeli bir yap\u0131land\u0131rman\u0131n piyasaya nefes ald\u0131raca\u011f\u0131n\u0131 ifade etti. Bu t\u00fcr d\u00fczenlemelerin af olarak de\u011ferlendirilmemesi gerekti\u011fini de s\u00f6zlerine ekledi.<\/p>\n<p><strong>E-HAC\u0130Z VURGUSU<\/strong><\/p>\n<p>Elektronik haciz uygulamalar\u0131na da de\u011finen Paland\u00f6ken, bu durumun esnaf\u0131n finansal hareket alan\u0131n\u0131 daraltt\u0131\u011f\u0131n\u0131 belirtti. Bor\u00e7lar\u0131n yap\u0131land\u0131r\u0131lmas\u0131yla hem vatanda\u015f\u0131n rahatlayaca\u011f\u0131n\u0131 hem de devletin tahsilat\u0131n\u0131 art\u0131raca\u011f\u0131n\u0131 ifade ederek, \u00e7\u00f6z\u00fcm i\u00e7in h\u0131zl\u0131 ad\u0131m at\u0131lmas\u0131 \u00e7a\u011fr\u0131s\u0131nda bulundu.<\/p>\n","protected":false},"excerpt":{"rendered":"<p>TESK Genel Ba\u015fkan\u0131 Bendevi Paland\u00f6ken, esnaf\u0131n ya\u015fad\u0131\u011f\u0131 ekonomik s\u0131k\u0131nt\u0131lara dikkat \u00e7ekerek yeni bir bor\u00e7 yap\u0131land\u0131rmas\u0131n\u0131n&#8230;<\/p>\n","protected":false},"author":1,"featured_media":0,"comment_status":"closed","ping_status":"closed","sticky":false,"template":"","format":"standard","meta":{"footnotes":""},"categories":[1],"tags":[],"class_list":["post-4900","post","type-post","status-publish","format-standard","hentry","category-guncel-haberler"],"_links":{"self":[{"href":"https:\/\/urfamagazin.com\/index.php?rest_route=\/wp\/v2\/posts\/4900","targetHints":{"allow":["GET"]}}],"collection":[{"href":"https:\/\/urfamagazin.com\/index.php?rest_route=\/wp\/v2\/posts"}],"about":[{"href":"https:\/\/urfamagazin.com\/index.php?rest_route=\/wp\/v2\/types\/post"}],"author":[{"embeddable":true,"href":"https:\/\/urfamagazin.com\/index.php?rest_route=\/wp\/v2\/users\/1"}],"replies":[{"embeddable":true,"href":"https:\/\/urfamagazin.com\/index.php?rest_route=%2Fwp%2Fv2%2Fcomments&post=4900"}],"version-history":[{"count":0,"href":"https:\/\/urfamagazin.com\/index.php?rest_route=\/wp\/v2\/posts\/4900\/revisions"}],"wp:attachment":[{"href":"https:\/\/urfamagazin.com\/index.php?rest_route=%2Fwp%2Fv2%2Fmedia&parent=4900"}],"wp:term":[{"taxonomy":"category","embeddable":true,"href":"https:\/\/urfamagazin.com\/index.php?rest_route=%2Fwp%2Fv2%2Fcategories&post=4900"},{"taxonomy":"post_tag","embeddable":true,"href":"https:\/\/urfamagazin.com\/index.php?rest_route=%2Fwp%2Fv2%2Ftags&post=4900"}],"curies":[{"name":"wp","href":"https:\/\/api.w.org\/{rel}","templated":true}]}}