{"id":4902,"date":"2026-04-28T20:46:29","date_gmt":"2026-04-28T20:46:29","guid":{"rendered":"https:\/\/urfamagazin.com\/?p=4902"},"modified":"2026-04-28T20:46:29","modified_gmt":"2026-04-28T20:46:29","slug":"adanada-kan-donduran-olay-ceset-bulundu","status":"publish","type":"post","link":"https:\/\/urfamagazin.com\/?p=4902","title":{"rendered":"Adana&#8217;da kan donduran olay: Ceset bulundu!"},"content":{"rendered":"<p>Olay, Adana&#8217;n\u0131n Ceyhan il\u00e7esine ba\u011fl\u0131 Adatepe Mahallesi&#8217;ndeki ormanda meydana geldi. Vatanda\u015flar ormanl\u0131k alandan gelen k\u00f6t\u00fc kokular \u00fczerine durumu 112 Acil \u00c7a\u011fr\u0131 Merkezine bildirdi. B\u00f6lgeye jandarma ekipleri sevk edildi.<\/p>\n<p><strong>PAR\u00c7ALAMI\u015e ERKEK CESED\u0130 BULUNDU<\/strong><\/p>\n<p>Ormanda kokunun nereden geldi\u011fini y\u00f6n\u00fcnde \u00e7al\u0131\u015fma yapan jandarma ekipleri, par\u00e7alanm\u0131\u015f bir erkek cesedi buldu.<br \/> Yap\u0131lan incelemelerde cesedin \u00fczerinden kimlik \u00e7\u0131kmad\u0131. Par\u00e7alanm\u0131\u015f ceset \u00f6l\u00fcm \u015fekli ve kimlik tespiti i\u00e7in\u00a0Adana\u00a0Adli T\u0131p Kurumu morguna kald\u0131r\u0131ld\u0131.<\/p>\n<p>Kaynak: \u0130HA\u00a0<\/p>\n","protected":false},"excerpt":{"rendered":"<p>Olay, Adana&#8217;n\u0131n Ceyhan il\u00e7esine ba\u011fl\u0131 Adatepe Mahallesi&#8217;ndeki ormanda meydana geldi. Vatanda\u015flar ormanl\u0131k alandan gelen k\u00f6t\u00fc&#8230;<\/p>\n","protected":false},"author":1,"featured_media":0,"comment_status":"closed","ping_status":"closed","sticky":false,"template":"","format":"standard","meta":{"footnotes":""},"categories":[1],"tags":[],"class_list":["post-4902","post","type-post","status-publish","format-standard","hentry","category-guncel-haberler"],"_links":{"self":[{"href":"https:\/\/urfamagazin.com\/index.php?rest_route=\/wp\/v2\/posts\/4902","targetHints":{"allow":["GET"]}}],"collection":[{"href":"https:\/\/urfamagazin.com\/index.php?rest_route=\/wp\/v2\/posts"}],"about":[{"href":"https:\/\/urfamagazin.com\/index.php?rest_route=\/wp\/v2\/types\/post"}],"author":[{"embeddable":true,"href":"https:\/\/urfamagazin.com\/index.php?rest_route=\/wp\/v2\/users\/1"}],"replies":[{"embeddable":true,"href":"https:\/\/urfamagazin.com\/index.php?rest_route=%2Fwp%2Fv2%2Fcomments&post=4902"}],"version-history":[{"count":0,"href":"https:\/\/urfamagazin.com\/index.php?rest_route=\/wp\/v2\/posts\/4902\/revisions"}],"wp:attachment":[{"href":"https:\/\/urfamagazin.com\/index.php?rest_route=%2Fwp%2Fv2%2Fmedia&parent=4902"}],"wp:term":[{"taxonomy":"category","embeddable":true,"href":"https:\/\/urfamagazin.com\/index.php?rest_route=%2Fwp%2Fv2%2Fcategories&post=4902"},{"taxonomy":"post_tag","embeddable":true,"href":"https:\/\/urfamagazin.com\/index.php?rest_route=%2Fwp%2Fv2%2Ftags&post=4902"}],"curies":[{"name":"wp","href":"https:\/\/api.w.org\/{rel}","templated":true}]}}