{"id":4913,"date":"2026-04-29T06:44:48","date_gmt":"2026-04-29T06:44:48","guid":{"rendered":"https:\/\/urfamagazin.com\/?p=4913"},"modified":"2026-04-29T06:44:48","modified_gmt":"2026-04-29T06:44:48","slug":"sanliurfa-dahil-38-ilde-tokiden-is-yeri-firsati","status":"publish","type":"post","link":"https:\/\/urfamagazin.com\/?p=4913","title":{"rendered":"\u015eanl\u0131urfa dahil 38 ilde TOK\u0130\u2019den i\u015f yeri f\u0131rsat\u0131!"},"content":{"rendered":"<p>\u00c7evre, \u015eehircilik ve \u0130klim De\u011fi\u015fikli\u011fi Bakanl\u0131\u011f\u0131\u2019na ba\u011fl\u0131 Toplu Konut \u0130daresi Ba\u015fkanl\u0131\u011f\u0131 (TOK\u0130), yat\u0131r\u0131m yapmak isteyenler i\u00e7in yeni bir sat\u0131\u015f duyurusu yapt\u0131.<\/p>\n<p>Aralar\u0131nda \u015eanl\u0131urfa\u2019n\u0131n da yer ald\u0131\u011f\u0131 38 ilde toplam 506 i\u015f yeri a\u00e7\u0131k art\u0131rma y\u00f6ntemiyle sat\u0131\u015fa sunulacak.<\/p>\n<p>\u015eanl\u0131urfa\u2019daki i\u015f yerleri i\u00e7in vatanda\u015flara farkl\u0131 \u00f6deme se\u00e7enekleri de sa\u011flanacak. Buna g\u00f6re i\u015f yerleri, y\u00fczde 10 pe\u015finat ve 96 ila 120 ay vade ya da y\u00fczde 30 pe\u015finatla 60 ay vadeyle sat\u0131n al\u0131nabilecek.<\/p>\n<section dir=\"auto\">\n<h2><strong>A\u00c7IK ARTIRMA TAR\u0130HLER\u0130 BELL\u0130 OLDU<\/strong><\/h2>\n<\/section>\n<p>TOK\u0130 taraf\u0131ndan yap\u0131lan a\u00e7\u0131klamaya g\u00f6re a\u00e7\u0131k art\u0131rmalar iki g\u00fcn s\u00fcrecek. 1-252 numaral\u0131 lotlar i\u00e7in ihale 13 May\u0131s 2026 \u00c7ar\u015famba g\u00fcn\u00fc, 253-506 numaral\u0131 lotlar i\u00e7in ise 14 May\u0131s 2026 Per\u015fembe g\u00fcn\u00fc saat 10.30\u2019da ger\u00e7ekle\u015ftirilecek.<\/p>\n<p>\u0130haleler Ankara \u0130lbank Sosyal Tesisleri ile TOK\u0130 \u0130stanbul Hizmet Binas\u0131\u2019nda yap\u0131lacak. Dileyen vatanda\u015flar internet \u00fczerinden de teklif verebilecek.<\/p>\n<p>Sat\u0131\u015flarla ilgili detayl\u0131 bilgiye TOK\u0130\u2019nin resmi internet sitesi ve a\u00e7\u0131k art\u0131rma platformu \u00fczerinden ula\u015f\u0131labilece\u011fi belirtildi.<\/p>\n","protected":false},"excerpt":{"rendered":"<p>\u00c7evre, \u015eehircilik ve \u0130klim De\u011fi\u015fikli\u011fi Bakanl\u0131\u011f\u0131\u2019na ba\u011fl\u0131 Toplu Konut \u0130daresi Ba\u015fkanl\u0131\u011f\u0131 (TOK\u0130), yat\u0131r\u0131m yapmak isteyenler&#8230;<\/p>\n","protected":false},"author":1,"featured_media":0,"comment_status":"closed","ping_status":"closed","sticky":false,"template":"","format":"standard","meta":{"footnotes":""},"categories":[1],"tags":[],"class_list":["post-4913","post","type-post","status-publish","format-standard","hentry","category-guncel-haberler"],"_links":{"self":[{"href":"https:\/\/urfamagazin.com\/index.php?rest_route=\/wp\/v2\/posts\/4913","targetHints":{"allow":["GET"]}}],"collection":[{"href":"https:\/\/urfamagazin.com\/index.php?rest_route=\/wp\/v2\/posts"}],"about":[{"href":"https:\/\/urfamagazin.com\/index.php?rest_route=\/wp\/v2\/types\/post"}],"author":[{"embeddable":true,"href":"https:\/\/urfamagazin.com\/index.php?rest_route=\/wp\/v2\/users\/1"}],"replies":[{"embeddable":true,"href":"https:\/\/urfamagazin.com\/index.php?rest_route=%2Fwp%2Fv2%2Fcomments&post=4913"}],"version-history":[{"count":0,"href":"https:\/\/urfamagazin.com\/index.php?rest_route=\/wp\/v2\/posts\/4913\/revisions"}],"wp:attachment":[{"href":"https:\/\/urfamagazin.com\/index.php?rest_route=%2Fwp%2Fv2%2Fmedia&parent=4913"}],"wp:term":[{"taxonomy":"category","embeddable":true,"href":"https:\/\/urfamagazin.com\/index.php?rest_route=%2Fwp%2Fv2%2Fcategories&post=4913"},{"taxonomy":"post_tag","embeddable":true,"href":"https:\/\/urfamagazin.com\/index.php?rest_route=%2Fwp%2Fv2%2Ftags&post=4913"}],"curies":[{"name":"wp","href":"https:\/\/api.w.org\/{rel}","templated":true}]}}