{"id":4954,"date":"2026-04-29T17:35:52","date_gmt":"2026-04-29T17:35:52","guid":{"rendered":"https:\/\/urfamagazin.com\/?p=4954"},"modified":"2026-04-29T17:35:52","modified_gmt":"2026-04-29T17:35:52","slug":"diyarbakirda-feci-kaza-cok-sayida-yarali","status":"publish","type":"post","link":"https:\/\/urfamagazin.com\/?p=4954","title":{"rendered":"Diyarbak\u0131r&#8217;da feci kaza: \u00c7ok say\u0131da yaral\u0131!"},"content":{"rendered":"<p>Edinilen bilgilere g\u00f6re kaza, Diyarbak\u0131r\u2019\u0131n\u00a0Ba\u011flar il\u00e7esi Bat\u0131karako\u00e7 Bulvar\u0131 \u00fczerinde meydana geldi. 22 ABM 653 plakal\u0131 otomobil, s\u00fcr\u00fcc\u00fcs\u00fcn\u00fcn direksiyon hakimiyetini kaybetmesi sonucu yoldan \u00e7\u0131karak takla att\u0131. Kazada ayn\u0131 ara\u00e7ta bulunan 7\u2019si \u00e7ocuk 10 ki\u015fi yaraland\u0131.<\/p>\n<p><img loading=\"lazy\" decoding=\"async\" alt=\"Diyarbak\u0131r'da feci kaza: \u00c7ok say\u0131da yaral\u0131!\" class=\"mx-auto max-w-full h-auto shadow-sm\" height=\"675\" src=\"https:\/\/www.urfahaber.com\/images\/uploads\/2026\/04\/aw694255-02-69f242cea2aa5.jpg\" width=\"1200\" \/><\/p>\n<p><strong>OLAY YER\u0130NE SA\u011eLIK VE G\u00dcVENL\u0130K EK\u0130PLER\u0130 SEVK ED\u0130LD\u0130<\/strong><\/p>\n<p>Haber verilmesi \u00fczerine olay yerine 112 acil sa\u011fl\u0131k ve g\u00fcvenlik g\u00fc\u00e7leri sevk edildi. Yaral\u0131lar, olay yerinde yap\u0131lan ilk m\u00fcdahalelerinin ard\u0131ndan ambulansla hastaneye kald\u0131r\u0131ld\u0131. Kazada yaralanan s\u00fcr\u00fcc\u00fcn\u00fcn durumunun a\u011f\u0131r oldu\u011fu \u00f6\u011frenildi.<\/p>\n<p>Kaynak: \u0130HA\u00a0<\/p>\n","protected":false},"excerpt":{"rendered":"<p>Edinilen bilgilere g\u00f6re kaza, Diyarbak\u0131r\u2019\u0131n\u00a0Ba\u011flar il\u00e7esi Bat\u0131karako\u00e7 Bulvar\u0131 \u00fczerinde meydana geldi. 22 ABM 653 plakal\u0131&#8230;<\/p>\n","protected":false},"author":1,"featured_media":4955,"comment_status":"closed","ping_status":"closed","sticky":false,"template":"","format":"standard","meta":{"footnotes":""},"categories":[1],"tags":[],"class_list":["post-4954","post","type-post","status-publish","format-standard","has-post-thumbnail","hentry","category-guncel-haberler"],"_links":{"self":[{"href":"https:\/\/urfamagazin.com\/index.php?rest_route=\/wp\/v2\/posts\/4954","targetHints":{"allow":["GET"]}}],"collection":[{"href":"https:\/\/urfamagazin.com\/index.php?rest_route=\/wp\/v2\/posts"}],"about":[{"href":"https:\/\/urfamagazin.com\/index.php?rest_route=\/wp\/v2\/types\/post"}],"author":[{"embeddable":true,"href":"https:\/\/urfamagazin.com\/index.php?rest_route=\/wp\/v2\/users\/1"}],"replies":[{"embeddable":true,"href":"https:\/\/urfamagazin.com\/index.php?rest_route=%2Fwp%2Fv2%2Fcomments&post=4954"}],"version-history":[{"count":0,"href":"https:\/\/urfamagazin.com\/index.php?rest_route=\/wp\/v2\/posts\/4954\/revisions"}],"wp:featuredmedia":[{"embeddable":true,"href":"https:\/\/urfamagazin.com\/index.php?rest_route=\/wp\/v2\/media\/4955"}],"wp:attachment":[{"href":"https:\/\/urfamagazin.com\/index.php?rest_route=%2Fwp%2Fv2%2Fmedia&parent=4954"}],"wp:term":[{"taxonomy":"category","embeddable":true,"href":"https:\/\/urfamagazin.com\/index.php?rest_route=%2Fwp%2Fv2%2Fcategories&post=4954"},{"taxonomy":"post_tag","embeddable":true,"href":"https:\/\/urfamagazin.com\/index.php?rest_route=%2Fwp%2Fv2%2Ftags&post=4954"}],"curies":[{"name":"wp","href":"https:\/\/api.w.org\/{rel}","templated":true}]}}