{"id":4962,"date":"2026-04-30T05:00:42","date_gmt":"2026-04-30T05:00:42","guid":{"rendered":"https:\/\/urfamagazin.com\/?p=4962"},"modified":"2026-04-30T05:00:42","modified_gmt":"2026-04-30T05:00:42","slug":"urfa-ulasim-a-s-de-gorev-degisimi","status":"publish","type":"post","link":"https:\/\/urfamagazin.com\/?p=4962","title":{"rendered":"Urfa Ula\u015f\u0131m A.\u015e.\u2019de g\u00f6rev de\u011fi\u015fimi!"},"content":{"rendered":"<p>\u015eanl\u0131urfa B\u00fcy\u00fck\u015fehir Belediyesi i\u015ftiraklerinden Ula\u015f\u0131m A.\u015e.&#8217;nin Genel M\u00fcd\u00fcrl\u00fc\u011f\u00fc&#8217;ne Kemal Polat atand\u0131.<\/p>\n<p>Daha \u00f6nce Genel M\u00fcd\u00fcrl\u00fck g\u00f6revini y\u00fcr\u00fcten Mustafa Yavuz\u2019un yerine getirilen Kemal Polat ile yap\u0131lan yeni g\u00f6revlendirme, 28 Nisan 2026 itibar\u0131yla resmiyet kazand\u0131. Mustafa Yavuz, 7 Aral\u0131k 2024 tarihinde bu g\u00f6reve ba\u015flam\u0131\u015ft\u0131.<\/p>\n<p>Yeni yap\u0131lan atamayla birlikte\u00a0Ula\u015f\u0131m A.\u015e.&#8217;nin yeni Genel M\u00fcd\u00fcr\u00fc Kemal Polat oldu.<\/p>\n","protected":false},"excerpt":{"rendered":"<p>\u015eanl\u0131urfa B\u00fcy\u00fck\u015fehir Belediyesi i\u015ftiraklerinden Ula\u015f\u0131m A.\u015e.&#8217;nin Genel M\u00fcd\u00fcrl\u00fc\u011f\u00fc&#8217;ne Kemal Polat atand\u0131. Daha \u00f6nce Genel M\u00fcd\u00fcrl\u00fck&#8230;<\/p>\n","protected":false},"author":1,"featured_media":0,"comment_status":"closed","ping_status":"closed","sticky":false,"template":"","format":"standard","meta":{"footnotes":""},"categories":[1],"tags":[],"class_list":["post-4962","post","type-post","status-publish","format-standard","hentry","category-guncel-haberler"],"_links":{"self":[{"href":"https:\/\/urfamagazin.com\/index.php?rest_route=\/wp\/v2\/posts\/4962","targetHints":{"allow":["GET"]}}],"collection":[{"href":"https:\/\/urfamagazin.com\/index.php?rest_route=\/wp\/v2\/posts"}],"about":[{"href":"https:\/\/urfamagazin.com\/index.php?rest_route=\/wp\/v2\/types\/post"}],"author":[{"embeddable":true,"href":"https:\/\/urfamagazin.com\/index.php?rest_route=\/wp\/v2\/users\/1"}],"replies":[{"embeddable":true,"href":"https:\/\/urfamagazin.com\/index.php?rest_route=%2Fwp%2Fv2%2Fcomments&post=4962"}],"version-history":[{"count":0,"href":"https:\/\/urfamagazin.com\/index.php?rest_route=\/wp\/v2\/posts\/4962\/revisions"}],"wp:attachment":[{"href":"https:\/\/urfamagazin.com\/index.php?rest_route=%2Fwp%2Fv2%2Fmedia&parent=4962"}],"wp:term":[{"taxonomy":"category","embeddable":true,"href":"https:\/\/urfamagazin.com\/index.php?rest_route=%2Fwp%2Fv2%2Fcategories&post=4962"},{"taxonomy":"post_tag","embeddable":true,"href":"https:\/\/urfamagazin.com\/index.php?rest_route=%2Fwp%2Fv2%2Ftags&post=4962"}],"curies":[{"name":"wp","href":"https:\/\/api.w.org\/{rel}","templated":true}]}}