{"id":4983,"date":"2026-04-30T10:33:45","date_gmt":"2026-04-30T10:33:45","guid":{"rendered":"https:\/\/urfamagazin.com\/?p=4983"},"modified":"2026-04-30T10:33:45","modified_gmt":"2026-04-30T10:33:45","slug":"sanliurfada-toplu-tasima-ucretsiz-olacak","status":"publish","type":"post","link":"https:\/\/urfamagazin.com\/?p=4983","title":{"rendered":"\u015eanl\u0131urfa\u2019da toplu ta\u015f\u0131ma \u00fccretsiz olacak!"},"content":{"rendered":"<p>\u015eanl\u0131urfa B\u00fcy\u00fck\u015fehir Belediyesi taraf\u0131ndan yap\u0131lan a\u00e7\u0131klamada, 1 May\u0131s Emek ve Dayan\u0131\u015fma G\u00fcn\u00fc kapsam\u0131nda belediyeye ait t\u00fcm toplu ta\u015f\u0131ma ara\u00e7lar\u0131n\u0131n g\u00fcn boyunca \u00fccretsiz hizmet sunaca\u011f\u0131 duyuruldu.<\/p>\n<p>Belediye, bu uygulamayla vatanda\u015flar\u0131n ula\u015f\u0131m\u0131n\u0131 kolayla\u015ft\u0131rmay\u0131 hedefliyor.<\/p>\n<h2><strong>AMA\u00c7: VATANDA\u015eA RAHAT VE KOLAY ULA\u015eIM SA\u011eLAMAK<\/strong><\/h2>\n<p>Yetkililer, al\u0131nan karar\u0131n temel amac\u0131n\u0131n \u015fehir i\u00e7i ula\u015f\u0131m\u0131 rahatlatmak ve toplu ta\u015f\u0131ma kullan\u0131m\u0131n\u0131 art\u0131rmak oldu\u011funu ifade etti.<\/p>\n<p>Ayr\u0131ca, t\u00fcm vatanda\u015flar\u0131n g\u00fcvenli ve konforlu bir \u015fekilde ula\u015f\u0131m sa\u011flayabilmesi i\u00e7in ara\u00e7lar\u0131n g\u00fcn boyunca hizmette olaca\u011f\u0131 vurguland\u0131.<\/p>\n<h2><strong>YO\u011eUNLUK UYARISI YAPILDI<\/strong><\/h2>\n<p>Belediye taraf\u0131ndan yap\u0131lan a\u00e7\u0131klamada, \u00fccretsiz ula\u015f\u0131m nedeniyle g\u00fcn i\u00e7erisinde otob\u00fcslerde yo\u011funluk ya\u015fanabilece\u011fine dikkat \u00e7ekildi.<\/p>\n<p>\u00d6zellikle sabah ve ak\u015fam saatlerinde artabilecek yolcu talebine kar\u015f\u0131 vatanda\u015flar\u0131n tedbirli olmalar\u0131 istendi.<\/p>\n<h2><strong>VATANDA\u015eLARDAN KARARA OLUMLU TEPK\u0130<\/strong><\/h2>\n<p>Al\u0131nan karar\u0131n ard\u0131ndan \u015eanl\u0131urfa\u2019da ya\u015fayan vatanda\u015flar uygulamay\u0131 memnuniyetle kar\u015f\u0131lad\u0131.<\/p>\n<p>\u00dccretsiz ula\u015f\u0131m\u0131n \u00f6zellikle dar gelirli vatanda\u015flar i\u00e7in \u00f6nemli bir kolayl\u0131k sa\u011flayaca\u011f\u0131 belirtilirken, benzer uygulamalar\u0131n farkl\u0131 \u00f6zel g\u00fcnlerde de devam etmesi y\u00f6n\u00fcnde beklentiler dile getirildi.<\/p>\n","protected":false},"excerpt":{"rendered":"<p>\u015eanl\u0131urfa B\u00fcy\u00fck\u015fehir Belediyesi taraf\u0131ndan yap\u0131lan a\u00e7\u0131klamada, 1 May\u0131s Emek ve Dayan\u0131\u015fma G\u00fcn\u00fc kapsam\u0131nda belediyeye ait&#8230;<\/p>\n","protected":false},"author":1,"featured_media":0,"comment_status":"closed","ping_status":"closed","sticky":false,"template":"","format":"standard","meta":{"footnotes":""},"categories":[1],"tags":[],"class_list":["post-4983","post","type-post","status-publish","format-standard","hentry","category-guncel-haberler"],"_links":{"self":[{"href":"https:\/\/urfamagazin.com\/index.php?rest_route=\/wp\/v2\/posts\/4983","targetHints":{"allow":["GET"]}}],"collection":[{"href":"https:\/\/urfamagazin.com\/index.php?rest_route=\/wp\/v2\/posts"}],"about":[{"href":"https:\/\/urfamagazin.com\/index.php?rest_route=\/wp\/v2\/types\/post"}],"author":[{"embeddable":true,"href":"https:\/\/urfamagazin.com\/index.php?rest_route=\/wp\/v2\/users\/1"}],"replies":[{"embeddable":true,"href":"https:\/\/urfamagazin.com\/index.php?rest_route=%2Fwp%2Fv2%2Fcomments&post=4983"}],"version-history":[{"count":0,"href":"https:\/\/urfamagazin.com\/index.php?rest_route=\/wp\/v2\/posts\/4983\/revisions"}],"wp:attachment":[{"href":"https:\/\/urfamagazin.com\/index.php?rest_route=%2Fwp%2Fv2%2Fmedia&parent=4983"}],"wp:term":[{"taxonomy":"category","embeddable":true,"href":"https:\/\/urfamagazin.com\/index.php?rest_route=%2Fwp%2Fv2%2Fcategories&post=4983"},{"taxonomy":"post_tag","embeddable":true,"href":"https:\/\/urfamagazin.com\/index.php?rest_route=%2Fwp%2Fv2%2Ftags&post=4983"}],"curies":[{"name":"wp","href":"https:\/\/api.w.org\/{rel}","templated":true}]}}