{"id":4987,"date":"2026-04-30T11:30:54","date_gmt":"2026-04-30T11:30:54","guid":{"rendered":"https:\/\/urfamagazin.com\/?p=4987"},"modified":"2026-04-30T11:30:54","modified_gmt":"2026-04-30T11:30:54","slug":"sanliurfa-merkezli-11-ilde-siber-dolandiricilik-operasyonu-cok-sayida-gozalti","status":"publish","type":"post","link":"https:\/\/urfamagazin.com\/?p=4987","title":{"rendered":"\u015eanl\u0131urfa merkezli 11 ilde siber doland\u0131r\u0131c\u0131l\u0131k operasyonu: \u00c7ok say\u0131da g\u00f6zalt\u0131!"},"content":{"rendered":"<p>\u015eanl\u0131urfa \u0130l Emniyet M\u00fcd\u00fcrl\u00fc\u011f\u00fcnce, \u015eanl\u0131urfa Cumhuriyet Ba\u015fsavc\u0131l\u0131\u011f\u0131 koordinesinde y\u00fcr\u00fct\u00fclen \u00e7al\u0131\u015fmalar kapsam\u0131nda Siber Su\u00e7larla M\u00fccadele \u015eube M\u00fcd\u00fcrl\u00fc\u011f\u00fc ekiplerince siber doland\u0131r\u0131c\u0131l\u0131\u011fa y\u00f6nelik operasyon d\u00fczenlendi. \u015e\u00fcphelilerin, sahte internet siteleri ve sosyal medya hesaplar\u0131 \u00fczerinden piyasa de\u011ferinin alt\u0131nda \u00fcr\u00fcn satma vaadiyle vatanda\u015flar\u0131 doland\u0131rd\u0131klar\u0131 belirlendi. MASAK raporuna g\u00f6re \u015f\u00fcphelilerin banka hesaplar\u0131nda toplam 200 milyon lira i\u015flem hacmi bulundu\u011fu tespit edildi.<\/p>\n<p><img loading=\"lazy\" decoding=\"async\" alt=\"\u015eanl\u0131urfa merkezli 11 ilde siber doland\u0131r\u0131c\u0131l\u0131k operasyonu: \u00c7ok say\u0131da g\u00f6zalt\u0131!\" class=\"mx-auto max-w-full h-auto shadow-sm\" height=\"800\" src=\"https:\/\/www.urfahaber.com\/images\/uploads\/2026\/04\/aw694718-01-69f33d42af967.jpg\" width=\"1200\" \/><\/p>\n<h2><strong>11 \u0130LDE E\u015e ZAMANLI OPERASYON<\/strong><\/h2>\n<p>&#8220;Nitelikli doland\u0131r\u0131c\u0131l\u0131k&#8221;, &#8220;banka ve kredi kartlar\u0131n\u0131n k\u00f6t\u00fcye kullan\u0131lmas\u0131&#8221;, &#8220;su\u00e7 i\u015flemek amac\u0131yla \u00f6rg\u00fct kurma ve y\u00f6netme&#8221;, &#8220;su\u00e7tan kaynaklanan malvarl\u0131\u011f\u0131 de\u011ferlerini aklama&#8221; ve ilgili kanuna muhalefet su\u00e7lar\u0131ndan \u015eanl\u0131urfa merkezli 11 ilde baz\u0131 adreslere e\u015f zamanl\u0131 operasyon d\u00fczenlendi.<\/p>\n<h2><strong>42 \u015e\u00dcPHEL\u0130 YAKALANDI<\/strong><\/h2>\n<p>Operasyonda 42 \u015f\u00fcpheli g\u00f6zalt\u0131na al\u0131nd\u0131, \u00e7ok say\u0131da dijital materyal ile toplam de\u011feri 12 milyon lira olan 6 araca el konuldu. \u015e\u00fcpheliler, emniyetteki i\u015flemlerinin ard\u0131ndan adliyeye sevk edildi. Soru\u015fturma s\u00fcr\u00fcyor.<\/p>\n<p>kaynak:\u0130HA<\/p>\n","protected":false},"excerpt":{"rendered":"<p>\u015eanl\u0131urfa \u0130l Emniyet M\u00fcd\u00fcrl\u00fc\u011f\u00fcnce, \u015eanl\u0131urfa Cumhuriyet Ba\u015fsavc\u0131l\u0131\u011f\u0131 koordinesinde y\u00fcr\u00fct\u00fclen \u00e7al\u0131\u015fmalar kapsam\u0131nda Siber Su\u00e7larla M\u00fccadele \u015eube&#8230;<\/p>\n","protected":false},"author":1,"featured_media":4988,"comment_status":"closed","ping_status":"closed","sticky":false,"template":"","format":"standard","meta":{"footnotes":""},"categories":[1],"tags":[],"class_list":["post-4987","post","type-post","status-publish","format-standard","has-post-thumbnail","hentry","category-guncel-haberler"],"_links":{"self":[{"href":"https:\/\/urfamagazin.com\/index.php?rest_route=\/wp\/v2\/posts\/4987","targetHints":{"allow":["GET"]}}],"collection":[{"href":"https:\/\/urfamagazin.com\/index.php?rest_route=\/wp\/v2\/posts"}],"about":[{"href":"https:\/\/urfamagazin.com\/index.php?rest_route=\/wp\/v2\/types\/post"}],"author":[{"embeddable":true,"href":"https:\/\/urfamagazin.com\/index.php?rest_route=\/wp\/v2\/users\/1"}],"replies":[{"embeddable":true,"href":"https:\/\/urfamagazin.com\/index.php?rest_route=%2Fwp%2Fv2%2Fcomments&post=4987"}],"version-history":[{"count":0,"href":"https:\/\/urfamagazin.com\/index.php?rest_route=\/wp\/v2\/posts\/4987\/revisions"}],"wp:featuredmedia":[{"embeddable":true,"href":"https:\/\/urfamagazin.com\/index.php?rest_route=\/wp\/v2\/media\/4988"}],"wp:attachment":[{"href":"https:\/\/urfamagazin.com\/index.php?rest_route=%2Fwp%2Fv2%2Fmedia&parent=4987"}],"wp:term":[{"taxonomy":"category","embeddable":true,"href":"https:\/\/urfamagazin.com\/index.php?rest_route=%2Fwp%2Fv2%2Fcategories&post=4987"},{"taxonomy":"post_tag","embeddable":true,"href":"https:\/\/urfamagazin.com\/index.php?rest_route=%2Fwp%2Fv2%2Ftags&post=4987"}],"curies":[{"name":"wp","href":"https:\/\/api.w.org\/{rel}","templated":true}]}}