{"id":4991,"date":"2026-04-30T12:56:48","date_gmt":"2026-04-30T12:56:48","guid":{"rendered":"https:\/\/urfamagazin.com\/?p=4991"},"modified":"2026-04-30T12:56:48","modified_gmt":"2026-04-30T12:56:48","slug":"firari-hukumlu-haliliyede-yakalandi","status":"publish","type":"post","link":"https:\/\/urfamagazin.com\/?p=4991","title":{"rendered":"Firari h\u00fck\u00fcml\u00fc Haliliye&#8217;de yakaland\u0131!"},"content":{"rendered":"<p>\u015eanl\u0131urfa \u0130l Jandarma Komutanl\u0131\u011f\u0131 taraf\u0131ndan aranan \u015fah\u0131slar\u0131n yakalanmas\u0131na y\u00f6nelik ba\u015flatt\u0131\u011f\u0131 \u00e7al\u0131\u015fmalar kapsam\u0131nda operasyon d\u00fczenlendi.<\/p>\n<h2>16 YIL 10 AY 20 G\u00dcN KES\u0130NLE\u015eM\u0130\u015e HAP\u0130S CEZASI VAR<\/h2>\n<p>Jandarma ekipleri taraf\u0131ndan \u015eanl\u0131urfa\u2019n\u0131n Haliliye \u0130l\u00e7esinde hakk\u0131nda \u2018\u2018h\u0131rs\u0131zl\u0131k\u2019\u2019 su\u00e7undan 16 y\u0131l 10 ay 20 g\u00fcn kesinle\u015fmi\u015f hapis cezas\u0131 bulunan E.A. isimli \u015fah\u0131s, yakaland\u0131.<\/p>\n<p><img loading=\"lazy\" decoding=\"async\" alt=\"G\u00f6rsel\" class=\"mx-auto max-w-full h-auto shadow-sm\" height=\"1013\" src=\"https:\/\/www.urfahaber.com\/images\/uploads\/2026\/04\/fff-ara-69f3514be3e67.jpg\" width=\"828\" \/><\/p>\n<p>Haliliye \u0130l\u00e7e Jandarma Komutanl\u0131\u011f\u0131 ekipleri taraf\u0131ndan yakalanan firari h\u00fck\u00fcml\u00fc E.A. adli makamlara teslim edildi.<\/p>\n","protected":false},"excerpt":{"rendered":"<p>\u015eanl\u0131urfa \u0130l Jandarma Komutanl\u0131\u011f\u0131 taraf\u0131ndan aranan \u015fah\u0131slar\u0131n yakalanmas\u0131na y\u00f6nelik ba\u015flatt\u0131\u011f\u0131 \u00e7al\u0131\u015fmalar kapsam\u0131nda operasyon d\u00fczenlendi. 16&#8230;<\/p>\n","protected":false},"author":1,"featured_media":4992,"comment_status":"closed","ping_status":"closed","sticky":false,"template":"","format":"standard","meta":{"footnotes":""},"categories":[1],"tags":[],"class_list":["post-4991","post","type-post","status-publish","format-standard","has-post-thumbnail","hentry","category-guncel-haberler"],"_links":{"self":[{"href":"https:\/\/urfamagazin.com\/index.php?rest_route=\/wp\/v2\/posts\/4991","targetHints":{"allow":["GET"]}}],"collection":[{"href":"https:\/\/urfamagazin.com\/index.php?rest_route=\/wp\/v2\/posts"}],"about":[{"href":"https:\/\/urfamagazin.com\/index.php?rest_route=\/wp\/v2\/types\/post"}],"author":[{"embeddable":true,"href":"https:\/\/urfamagazin.com\/index.php?rest_route=\/wp\/v2\/users\/1"}],"replies":[{"embeddable":true,"href":"https:\/\/urfamagazin.com\/index.php?rest_route=%2Fwp%2Fv2%2Fcomments&post=4991"}],"version-history":[{"count":0,"href":"https:\/\/urfamagazin.com\/index.php?rest_route=\/wp\/v2\/posts\/4991\/revisions"}],"wp:featuredmedia":[{"embeddable":true,"href":"https:\/\/urfamagazin.com\/index.php?rest_route=\/wp\/v2\/media\/4992"}],"wp:attachment":[{"href":"https:\/\/urfamagazin.com\/index.php?rest_route=%2Fwp%2Fv2%2Fmedia&parent=4991"}],"wp:term":[{"taxonomy":"category","embeddable":true,"href":"https:\/\/urfamagazin.com\/index.php?rest_route=%2Fwp%2Fv2%2Fcategories&post=4991"},{"taxonomy":"post_tag","embeddable":true,"href":"https:\/\/urfamagazin.com\/index.php?rest_route=%2Fwp%2Fv2%2Ftags&post=4991"}],"curies":[{"name":"wp","href":"https:\/\/api.w.org\/{rel}","templated":true}]}}