{"id":4997,"date":"2026-04-30T13:36:25","date_gmt":"2026-04-30T13:36:25","guid":{"rendered":"https:\/\/urfamagazin.com\/?p=4997"},"modified":"2026-04-30T13:36:25","modified_gmt":"2026-04-30T13:36:25","slug":"viransehirde-sigara-kacakcilarina-dev-operasyon","status":"publish","type":"post","link":"https:\/\/urfamagazin.com\/?p=4997","title":{"rendered":"Viran\u015fehir&#8217;de sigara ka\u00e7ak\u00e7\u0131lar\u0131na dev operasyon!"},"content":{"rendered":"<p>\u015eanl\u0131urfa \u0130l Jandarma Komutanl\u0131\u011f\u0131 ekipleri taraf\u0131ndan, Viran\u015fehir\u2019de t\u00fct\u00fcn ve alkol ka\u00e7ak\u00e7\u0131lar\u0131na y\u00f6nelik operasyon d\u00fczenlendi.<\/p>\n<p>Jandarma ekipleri taraf\u0131ndan Viran\u015fehir\u2019de d\u00fczenlenen operasyon sonucu, 3 bin 130 adet g\u00fcmr\u00fck ka\u00e7a\u011f\u0131 sigara, 8 kg g\u00fcmr\u00fck ka\u00e7a\u011f\u0131 \u00e7ay, 3 adet g\u00fcmr\u00fck ka\u00e7a\u011f\u0131 cep telefonu ele ge\u00e7irildi.<\/p>\n<p><img loading=\"lazy\" decoding=\"async\" alt=\"G\u00f6rsel\" class=\"mx-auto max-w-full h-auto shadow-sm\" height=\"575\" src=\"https:\/\/www.urfahaber.com\/images\/uploads\/2026\/04\/sigara-ara1-69f35a7e5c21e.jpg\" width=\"864\" \/><\/p>\n<h2>20 \u015e\u00dcPHEL\u0130 YAKALANDI<\/h2>\n<p>\u015eanl\u0131urfa \u0130l Jandarma Komutanl\u0131\u011f\u0131 ekipleri taraf\u0131ndan, Viran\u015fehir\u2019de d\u00fczenlenen operasyon sonucu 20 \u015f\u00fcpheli \u015fah\u0131s yakaland\u0131. Operasyon kapsam\u0131nda yakalanan \u015f\u00fcpheli \u015fah\u0131slar hakk\u0131nda adli i\u015flem ba\u015flat\u0131ld\u0131.<\/p>\n<p><img loading=\"lazy\" decoding=\"async\" alt=\"G\u00f6rsel\" class=\"mx-auto max-w-full h-auto shadow-sm\" height=\"568\" src=\"https:\/\/www.urfahaber.com\/images\/uploads\/2026\/04\/sigara-ara22-69f35a88bf65a.jpg\" width=\"940\" \/><\/p>\n","protected":false},"excerpt":{"rendered":"<p>\u015eanl\u0131urfa \u0130l Jandarma Komutanl\u0131\u011f\u0131 ekipleri taraf\u0131ndan, Viran\u015fehir\u2019de t\u00fct\u00fcn ve alkol ka\u00e7ak\u00e7\u0131lar\u0131na y\u00f6nelik operasyon d\u00fczenlendi. Jandarma&#8230;<\/p>\n","protected":false},"author":1,"featured_media":4998,"comment_status":"closed","ping_status":"closed","sticky":false,"template":"","format":"standard","meta":{"footnotes":""},"categories":[1],"tags":[],"class_list":["post-4997","post","type-post","status-publish","format-standard","has-post-thumbnail","hentry","category-guncel-haberler"],"_links":{"self":[{"href":"https:\/\/urfamagazin.com\/index.php?rest_route=\/wp\/v2\/posts\/4997","targetHints":{"allow":["GET"]}}],"collection":[{"href":"https:\/\/urfamagazin.com\/index.php?rest_route=\/wp\/v2\/posts"}],"about":[{"href":"https:\/\/urfamagazin.com\/index.php?rest_route=\/wp\/v2\/types\/post"}],"author":[{"embeddable":true,"href":"https:\/\/urfamagazin.com\/index.php?rest_route=\/wp\/v2\/users\/1"}],"replies":[{"embeddable":true,"href":"https:\/\/urfamagazin.com\/index.php?rest_route=%2Fwp%2Fv2%2Fcomments&post=4997"}],"version-history":[{"count":0,"href":"https:\/\/urfamagazin.com\/index.php?rest_route=\/wp\/v2\/posts\/4997\/revisions"}],"wp:featuredmedia":[{"embeddable":true,"href":"https:\/\/urfamagazin.com\/index.php?rest_route=\/wp\/v2\/media\/4998"}],"wp:attachment":[{"href":"https:\/\/urfamagazin.com\/index.php?rest_route=%2Fwp%2Fv2%2Fmedia&parent=4997"}],"wp:term":[{"taxonomy":"category","embeddable":true,"href":"https:\/\/urfamagazin.com\/index.php?rest_route=%2Fwp%2Fv2%2Fcategories&post=4997"},{"taxonomy":"post_tag","embeddable":true,"href":"https:\/\/urfamagazin.com\/index.php?rest_route=%2Fwp%2Fv2%2Ftags&post=4997"}],"curies":[{"name":"wp","href":"https:\/\/api.w.org\/{rel}","templated":true}]}}