{"id":5001,"date":"2026-04-30T13:50:30","date_gmt":"2026-04-30T13:50:30","guid":{"rendered":"https:\/\/urfamagazin.com\/?p=5001"},"modified":"2026-04-30T13:50:30","modified_gmt":"2026-04-30T13:50:30","slug":"mac-oncesi-sanliurfaspor-ve-muglaspordan-onemli-mesaj","status":"publish","type":"post","link":"https:\/\/urfamagazin.com\/?p=5001","title":{"rendered":"Ma\u00e7 \u00f6ncesi \u015eanl\u0131urfaspor ve Mu\u011flaspor&#8217;dan \u00f6nemli mesaj!"},"content":{"rendered":"<p><strong>G\u00dcLPINAR: \u201c\u015eANLIURFA M\u0130SAF\u0130RPERVERL\u0130\u011e\u0130N\u0130 G\u00d6STERECEK\u201d<\/strong><\/p>\n<p>\u015eanl\u0131urfa B\u00fcy\u00fck\u015fehir Belediye Ba\u015fkan\u0131 Mehmet Kas\u0131m G\u00fclp\u0131nar\u2019\u0131n ev sahipli\u011finde bir araya gelen Mu\u011fla B\u00fcy\u00fck\u015fehir Belediye Ba\u015fkan\u0131 Ahmet Aras ile \u015eanl\u0131urfaspor ve Mu\u011flaspor kul\u00fcp ba\u015fkanlar\u0131, kritik Play-Off ma\u00e7\u0131 \u00f6ncesinde sa\u011fduyu \u00e7a\u011fr\u0131s\u0131nda bulundu.<\/p>\n<p>TFF 2. Lig Beyaz Grup Play-Off kar\u015f\u0131la\u015fmas\u0131nda \u015eanl\u0131urfaspor ile Mu\u011flaspor, bug\u00fcn saat 20.00\u2019de 11 Nisan Stadyumu\u2019nda kar\u015f\u0131 kar\u015f\u0131ya gelecek. Zorlu m\u00fccadele \u00f6ncesinde \u015eanl\u0131urfa\u2019ya gelen Mu\u011fla B\u00fcy\u00fck\u015fehir Belediye Ba\u015fkan\u0131 Ahmet Aras ve Mu\u011flaspor Kul\u00fcb\u00fc Ba\u015fkan\u0131 Menaf K\u0131yan\u00e7, \u015eanl\u0131urfa B\u00fcy\u00fck\u015fehir Belediye Ba\u015fkan\u0131 Mehmet Kas\u0131m G\u00fclp\u0131nar\u2019\u0131 makam\u0131nda ziyaret etti.<\/p>\n<p>Ba\u015fkan Aras ve beraberindeki heyet, Ba\u015fkan Mehmet Kas\u0131m G\u00fclp\u0131nar ile ba\u015fkanl\u0131k makam\u0131nda bir s\u00fcre g\u00f6r\u00fc\u015ft\u00fc. G\u00f6r\u00fc\u015fmenin ard\u0131ndan heyet, ortak bir bas\u0131n a\u00e7\u0131klamas\u0131 d\u00fczenledi.<\/p>\n<p><img loading=\"lazy\" decoding=\"async\" alt=\"Ma\u00e7 \u00f6ncesi \u015eanl\u0131urfaspor ve Mu\u011flaspor'dan \u00f6nemli mesaj!\" class=\"mx-auto max-w-full h-auto shadow-sm\" height=\"800\" src=\"https:\/\/www.urfahaber.com\/images\/uploads\/2026\/04\/whatsapp-image-2026-04-30-at-160749-69f35fbf19114.jpeg\" width=\"1200\" \/><\/p>\n<p><strong>G\u00dcLPINAR\u2019DAN PLAY-OFF \u00d6NCES\u0130 DOSTLUK VE FA\u0130R-PLAY MESAJI<\/strong><\/p>\n<p>Ba\u015fkan G\u00fclp\u0131nar, yapt\u0131\u011f\u0131 bas\u0131n a\u00e7\u0131klamas\u0131nda, Mu\u011fla B\u00fcy\u00fck\u015fehir Belediye Ba\u015fkan\u0131 Ahmet Aras ve beraberindeki heyet ile Mu\u011flaspor Kul\u00fcp Ba\u015fkan\u0131 Menaf K\u0131yan\u00e7\u2019\u0131n kendilerini ziyaret etti\u011fini belirterek, \u00a0bu bulu\u015fman\u0131n b\u00fcy\u00fck bir anlam ta\u015f\u0131d\u0131\u011f\u0131n\u0131 ifade etti.<\/p>\n<p>Kar\u015f\u0131la\u015fma \u00f6ncesinde birlik ve beraberlik vurgusu yapan G\u00fclp\u0131nar, \u015eanl\u0131urfa\u2019n\u0131n misafirperverli\u011fine dikkat \u00e7ekerek, konuk ekibi en iyi \u015fekilde a\u011f\u0131rlamak i\u00e7in gayret g\u00f6sterdiklerini s\u00f6yledi. Futbol m\u00fcsabakalar\u0131nda zaman zaman istenmeyen olaylar\u0131n ya\u015fanabildi\u011fini hat\u0131rlatan G\u00fclp\u0131nar, \u201cBiz ya\u015fananlar\u0131 geride b\u0131rak\u0131p \u00f6n\u00fcm\u00fcze bakmak istiyoruz. Anlay\u0131\u015f\u0131m\u0131z nettir; iyi oynayan kazans\u0131n\u201d dedi.<\/p>\n<p>\u015eanl\u0131urfaspor\u2019un centilmen bir tak\u0131m oldu\u011funu ve \u015fehrin de bu anlay\u0131\u015fla hareket etti\u011fini dile getiren G\u00fclp\u0131nar, ma\u00e7\u0131n dostluk ve fair-play \u00e7er\u00e7evesinde ge\u00e7ece\u011fine inand\u0131\u011f\u0131n\u0131 vurgulad\u0131. R\u00f6van\u015f kar\u015f\u0131la\u015fmas\u0131nda da ayn\u0131 misafirperverli\u011fi Mu\u011fla\u2019da g\u00f6receklerine inand\u0131klar\u0131n\u0131 belirten G\u00fclp\u0131nar, \u201cSonu\u00e7 ne olursa olsun kazanan futbol ve dostluk olsun\u201d ifadelerini kulland\u0131.<\/p>\n<p>Mu\u011fla B\u00fcy\u00fck\u015fehir Belediye Ba\u015fkan\u0131 Ahmet Aras\u2019\u0131n \u015eanl\u0131urfa\u2019da g\u00f6rev yapt\u0131\u011f\u0131na dikkat \u00e7eken G\u00fclp\u0131nar, bu nedenle kentle \u00f6zel bir ba\u011f\u0131 bulundu\u011funu hat\u0131rlatarak, iki \u015fehir aras\u0131ndaki dostlu\u011fun daha da g\u00fc\u00e7lenece\u011fini ifade etti.<\/p>\n<p>A\u00e7\u0131klamas\u0131n\u0131n sonunda \u015eanl\u0131urfaspor\u2019a ba\u015far\u0131 dileklerini ileten G\u00fclp\u0131nar, en \u00f6nemli temennisinin g\u00fczel bir ma\u00e7 ve olumlu bir atmosfer oldu\u011funu ifade ederek, g\u00f6nl\u00fcn\u00fcn \u015eanl\u0131urfaspor\u2019un kazanmas\u0131ndan yana oldu\u011funu belirtti.<\/p>\n<p><img loading=\"lazy\" decoding=\"async\" alt=\"Ma\u00e7 \u00f6ncesi \u015eanl\u0131urfaspor ve Mu\u011flaspor'dan \u00f6nemli mesaj!\" class=\"mx-auto max-w-full h-auto shadow-sm\" height=\"800\" src=\"https:\/\/www.urfahaber.com\/images\/uploads\/2026\/04\/whatsapp-image-2026-04-30-at-160745-69f36014446a2.jpeg\" width=\"1200\" \/><\/p>\n<p><strong>BA\u015eKAN ARAS: \u201cSPORUN B\u0130RLE\u015eT\u0130R\u0130C\u0130 G\u00dcC\u00dc \u0130\u00c7\u0130N BURADAYIZ\u201d<\/strong><\/p>\n<p>Mu\u011fla B\u00fcy\u00fck\u015fehir Belediye Ba\u015fkan\u0131 Ahmet Aras ise \u015eanl\u0131urfa ile g\u00fc\u00e7l\u00fc ba\u011flar\u0131 oldu\u011funu ifade ederek, \u201cBug\u00fcn burada sporun birle\u015ftirici g\u00fcc\u00fc i\u00e7in bulunuyoruz. \u0130nan\u0131yorum ki kazanan dostluk ve centilmenlik olacakt\u0131r\u201d diye konu\u015ftu.<\/p>\n<p><img loading=\"lazy\" decoding=\"async\" alt=\"Ma\u00e7 \u00f6ncesi \u015eanl\u0131urfaspor ve Mu\u011flaspor'dan \u00f6nemli mesaj!\" class=\"mx-auto max-w-full h-auto shadow-sm\" height=\"800\" src=\"https:\/\/www.urfahaber.com\/images\/uploads\/2026\/04\/whatsapp-image-2026-04-30-at-160753-69f3601da5355.jpeg\" width=\"1200\" \/><\/p>\n<p><strong>SARA\u00c7O\u011eLU\u2019NDAN TARAFTARA \u00c7A\u011eRI: \u201cSA\u011eDUYULU OLUN\u201d<\/strong><\/p>\n<p>\u015eanl\u0131urfaspor Kul\u00fcp Ba\u015fkan\u0131 Kemal Sara\u00e7o\u011flu, taraftarlar\u0131n tak\u0131mlar\u0131n\u0131 centilmence desteklemesi gerekti\u011fini belirterek, k\u00f6t\u00fc tezah\u00fcrat ve sahaya yabanc\u0131 madde at\u0131lmamas\u0131 konusunda uyar\u0131da bulundu.<\/p>\n<p>Mu\u011flaspor Kul\u00fcp Ba\u015fkan\u0131 Menaf K\u0131yan\u00e7 da son g\u00fcnlerde ya\u015fanan olumsuzluklar nedeniyle kamuoyundan \u00f6z\u00fcr dileyerek, \u201cArt\u0131k ge\u00e7mi\u015fi geride b\u0131rakt\u0131k. Taraftarlar\u0131m\u0131zdan ricam\u0131z, sosyal medyada da dahil olmak \u00fczere k\u0131r\u0131c\u0131 davran\u0131\u015flardan uzak durmalar\u0131d\u0131r\u201d ifadelerini kulland\u0131.<\/p>\n<p>Yap\u0131lan ortak a\u00e7\u0131klamalarda, iki \u015fehir aras\u0131ndaki dostlu\u011fun peki\u015ftirilmesi ve ma\u00e7lar\u0131n fair-play ruhu i\u00e7erisinde oynanmas\u0131 gerekti\u011fi vurguland\u0131.<\/p>\n","protected":false},"excerpt":{"rendered":"<p>G\u00dcLPINAR: \u201c\u015eANLIURFA M\u0130SAF\u0130RPERVERL\u0130\u011e\u0130N\u0130 G\u00d6STERECEK\u201d \u015eanl\u0131urfa B\u00fcy\u00fck\u015fehir Belediye Ba\u015fkan\u0131 Mehmet Kas\u0131m G\u00fclp\u0131nar\u2019\u0131n ev sahipli\u011finde bir araya&#8230;<\/p>\n","protected":false},"author":1,"featured_media":5002,"comment_status":"closed","ping_status":"closed","sticky":false,"template":"","format":"standard","meta":{"footnotes":""},"categories":[1],"tags":[],"class_list":["post-5001","post","type-post","status-publish","format-standard","has-post-thumbnail","hentry","category-guncel-haberler"],"_links":{"self":[{"href":"https:\/\/urfamagazin.com\/index.php?rest_route=\/wp\/v2\/posts\/5001","targetHints":{"allow":["GET"]}}],"collection":[{"href":"https:\/\/urfamagazin.com\/index.php?rest_route=\/wp\/v2\/posts"}],"about":[{"href":"https:\/\/urfamagazin.com\/index.php?rest_route=\/wp\/v2\/types\/post"}],"author":[{"embeddable":true,"href":"https:\/\/urfamagazin.com\/index.php?rest_route=\/wp\/v2\/users\/1"}],"replies":[{"embeddable":true,"href":"https:\/\/urfamagazin.com\/index.php?rest_route=%2Fwp%2Fv2%2Fcomments&post=5001"}],"version-history":[{"count":0,"href":"https:\/\/urfamagazin.com\/index.php?rest_route=\/wp\/v2\/posts\/5001\/revisions"}],"wp:featuredmedia":[{"embeddable":true,"href":"https:\/\/urfamagazin.com\/index.php?rest_route=\/wp\/v2\/media\/5002"}],"wp:attachment":[{"href":"https:\/\/urfamagazin.com\/index.php?rest_route=%2Fwp%2Fv2%2Fmedia&parent=5001"}],"wp:term":[{"taxonomy":"category","embeddable":true,"href":"https:\/\/urfamagazin.com\/index.php?rest_route=%2Fwp%2Fv2%2Fcategories&post=5001"},{"taxonomy":"post_tag","embeddable":true,"href":"https:\/\/urfamagazin.com\/index.php?rest_route=%2Fwp%2Fv2%2Ftags&post=5001"}],"curies":[{"name":"wp","href":"https:\/\/api.w.org\/{rel}","templated":true}]}}