{"id":5013,"date":"2026-04-30T16:41:37","date_gmt":"2026-04-30T16:41:37","guid":{"rendered":"https:\/\/urfamagazin.com\/?p=5013"},"modified":"2026-04-30T16:41:37","modified_gmt":"2026-04-30T16:41:37","slug":"saglik-bakanligi-tarafindan-urfaya-109-atama","status":"publish","type":"post","link":"https:\/\/urfamagazin.com\/?p=5013","title":{"rendered":"Sa\u011fl\u0131k Bakanl\u0131\u011f\u0131 taraf\u0131ndan Urfa&#8217;ya 109 atama!"},"content":{"rendered":"<p>\u015eanl\u0131urfa\u2019n\u0131n sa\u011fl\u0131k altyap\u0131s\u0131n\u0131 g\u00fc\u00e7lendirmeye y\u00f6nelik y\u00fcr\u00fct\u00fclen \u00e7al\u0131\u015fmalar kapsam\u0131nda \u00f6nemli bir geli\u015fme ya\u015fand\u0131.<\/p>\n<p><strong>\u015eANLIURFA&#8217;YA 109 HEK\u0130M ATAMASI GER\u00c7EKLE\u015eT\u0130R\u0130LD\u0130<\/strong><\/p>\n<p>Sa\u011fl\u0131k Bakanl\u0131\u011f\u0131 ile yap\u0131lan g\u00f6r\u00fc\u015fmeler sonucunda, \u015eanl\u0131urfa\u2019n\u0131n ihtiya\u00e7 duydu\u011fu hekim ve \u00e7e\u015fitli bran\u015flardaki uzman doktor kadrolar\u0131na ili\u015fkin taleplerin b\u00fcy\u00fck \u00f6l\u00e7\u00fcde kar\u015f\u0131land\u0131\u011f\u0131 bildirildi.\u00a0128. Devlet Hizmet Y\u00fck\u00fcml\u00fcl\u00fc\u011f\u00fc kuras\u0131 ile \u015eanl\u0131urfa\u2019ya 91 uzman hekim ve 18 tabip olmak \u00fczere toplam 109 hekimin atamas\u0131 ger\u00e7ekle\u015ftirildi.<\/p>\n<p><strong>MEM\u0130\u015eO\u011eLU VE BOZDA\u011e&#8217;A TE\u015eEKK\u00dcR<\/strong><\/p>\n<p>Abdurrahim Dusak, \u015eanl\u0131urfa\u2019ya yap\u0131lan hekim atamalar\u0131yla ilgili s\u00fcrece dair bilgi vererek, Sa\u011fl\u0131k Bakanl\u0131\u011f\u0131 ile y\u00fcr\u00fct\u00fclen \u00e7al\u0131\u015fmalar sonucunda \u00f6nemli bir ilerleme kaydedildi\u011fini ifade etti. &#8220;Bu s\u00fcre\u00e7te verdikleri destek ve katk\u0131lar dolay\u0131s\u0131yla Sa\u011fl\u0131k Bakan\u0131m\u0131z Say\u0131n Prof. Dr. Kemal Memi\u015fo\u011flu\u2019na ve TBMM Ba\u015fkanvekilimiz Say\u0131n Bekir Bozda\u011f\u2019a te\u015fekk\u00fcr ediyoruz.&#8221; dedi.<\/p>\n<p>\u00a0<\/p>\n","protected":false},"excerpt":{"rendered":"<p>\u015eanl\u0131urfa\u2019n\u0131n sa\u011fl\u0131k altyap\u0131s\u0131n\u0131 g\u00fc\u00e7lendirmeye y\u00f6nelik y\u00fcr\u00fct\u00fclen \u00e7al\u0131\u015fmalar kapsam\u0131nda \u00f6nemli bir geli\u015fme ya\u015fand\u0131. \u015eANLIURFA&#8217;YA 109 HEK\u0130M&#8230;<\/p>\n","protected":false},"author":1,"featured_media":0,"comment_status":"closed","ping_status":"closed","sticky":false,"template":"","format":"standard","meta":{"footnotes":""},"categories":[1],"tags":[],"class_list":["post-5013","post","type-post","status-publish","format-standard","hentry","category-guncel-haberler"],"_links":{"self":[{"href":"https:\/\/urfamagazin.com\/index.php?rest_route=\/wp\/v2\/posts\/5013","targetHints":{"allow":["GET"]}}],"collection":[{"href":"https:\/\/urfamagazin.com\/index.php?rest_route=\/wp\/v2\/posts"}],"about":[{"href":"https:\/\/urfamagazin.com\/index.php?rest_route=\/wp\/v2\/types\/post"}],"author":[{"embeddable":true,"href":"https:\/\/urfamagazin.com\/index.php?rest_route=\/wp\/v2\/users\/1"}],"replies":[{"embeddable":true,"href":"https:\/\/urfamagazin.com\/index.php?rest_route=%2Fwp%2Fv2%2Fcomments&post=5013"}],"version-history":[{"count":0,"href":"https:\/\/urfamagazin.com\/index.php?rest_route=\/wp\/v2\/posts\/5013\/revisions"}],"wp:attachment":[{"href":"https:\/\/urfamagazin.com\/index.php?rest_route=%2Fwp%2Fv2%2Fmedia&parent=5013"}],"wp:term":[{"taxonomy":"category","embeddable":true,"href":"https:\/\/urfamagazin.com\/index.php?rest_route=%2Fwp%2Fv2%2Fcategories&post=5013"},{"taxonomy":"post_tag","embeddable":true,"href":"https:\/\/urfamagazin.com\/index.php?rest_route=%2Fwp%2Fv2%2Ftags&post=5013"}],"curies":[{"name":"wp","href":"https:\/\/api.w.org\/{rel}","templated":true}]}}