{"id":5018,"date":"2026-04-30T19:14:25","date_gmt":"2026-04-30T19:14:25","guid":{"rendered":"https:\/\/urfamagazin.com\/?p=5018"},"modified":"2026-04-30T19:14:25","modified_gmt":"2026-04-30T19:14:25","slug":"sanliurfaspor-sahasinda-muglaspora-maglup-oldu","status":"publish","type":"post","link":"https:\/\/urfamagazin.com\/?p=5018","title":{"rendered":"\u015eanl\u0131urfaspor, sahas\u0131nda Mu\u011flaspora ma\u011flup oldu!"},"content":{"rendered":"<p>Nesine 2. Lig Beyaz Grup play-off ilk ma\u00e7\u0131nda K\u0131z\u0131lkaya Tar\u0131m \u015eanl\u0131urfaspor, 11 Nisan Stadyumu\u2019nda Mu\u011flaspor\u2019u konuk etti. M\u00fccadeleyi konuk ekip 1-0 kazanarak r\u00f6van\u015f \u00f6ncesi \u00f6nemli bir avantaj elde etti.<\/p>\n<p><img loading=\"lazy\" decoding=\"async\" alt=\"\u015eanl\u0131urfaspor, play-off m\u00fccadelesinde Mu\u011flaspora ma\u011flup oldu!\" class=\"mx-auto max-w-full h-auto shadow-sm\" height=\"800\" src=\"https:\/\/www.urfahaber.com\/images\/uploads\/2026\/04\/aw695082-01-69f3ac851db09.jpg\" width=\"1200\" \/><\/p>\n<p><strong>\u0130LK YARIDA GOL SES\u0130 \u00c7IKMADI<\/strong><\/p>\n<p>Kar\u015f\u0131la\u015fman\u0131n ilk yar\u0131s\u0131nda iki tak\u0131m da kontroll\u00fc bir oyun ortaya koyarken, gol sesi \u00e7\u0131kmad\u0131. \u0130kinci yar\u0131da oyunun temposu y\u00fckseldi.\u00a0Mu\u011flaspor, 70. dakikada Fatih Somuncu\u2019nun att\u0131\u011f\u0131 golle 1-0 \u00f6ne ge\u00e7ti.<\/p>\n<p><img loading=\"lazy\" decoding=\"async\" alt=\"\u015eanl\u0131urfaspor, play-off m\u00fccadelesinde Mu\u011flaspora ma\u011flup oldu!\" class=\"mx-auto max-w-full h-auto shadow-sm\" height=\"800\" src=\"https:\/\/www.urfahaber.com\/images\/uploads\/2026\/04\/aw695082-05-69f3ac92d99fc.jpg\" width=\"1200\" \/><\/p>\n<p><strong>\u015eANLIURFASPOR SAHADAN MA\u011eLUP AYRILDI<\/strong><\/p>\n<p>Golden sonra \u015eanl\u0131urfaspor, beraberlik i\u00e7in bask\u0131s\u0131n\u0131 art\u0131rsa da arad\u0131\u011f\u0131 gol\u00fc bulamad\u0131 ve sahadan ma\u011flup ayr\u0131ld\u0131. Bu sonu\u00e7la Mu\u011flaspor, play-off e\u015fle\u015fmesinde avantaj\u0131 eline ge\u00e7irirken, K\u0131z\u0131lkaya Tar\u0131m \u015eanl\u0131urfaspor tur umudunu deplasmanda oynanacak r\u00f6van\u015f ma\u00e7\u0131na ta\u015f\u0131d\u0131.<\/p>\n<p>Kaynak: \u0130HA\u00a0<\/p>\n","protected":false},"excerpt":{"rendered":"<p>Nesine 2. Lig Beyaz Grup play-off ilk ma\u00e7\u0131nda K\u0131z\u0131lkaya Tar\u0131m \u015eanl\u0131urfaspor, 11 Nisan Stadyumu\u2019nda Mu\u011flaspor\u2019u&#8230;<\/p>\n","protected":false},"author":1,"featured_media":5019,"comment_status":"closed","ping_status":"closed","sticky":false,"template":"","format":"standard","meta":{"footnotes":""},"categories":[1],"tags":[],"class_list":["post-5018","post","type-post","status-publish","format-standard","has-post-thumbnail","hentry","category-guncel-haberler"],"_links":{"self":[{"href":"https:\/\/urfamagazin.com\/index.php?rest_route=\/wp\/v2\/posts\/5018","targetHints":{"allow":["GET"]}}],"collection":[{"href":"https:\/\/urfamagazin.com\/index.php?rest_route=\/wp\/v2\/posts"}],"about":[{"href":"https:\/\/urfamagazin.com\/index.php?rest_route=\/wp\/v2\/types\/post"}],"author":[{"embeddable":true,"href":"https:\/\/urfamagazin.com\/index.php?rest_route=\/wp\/v2\/users\/1"}],"replies":[{"embeddable":true,"href":"https:\/\/urfamagazin.com\/index.php?rest_route=%2Fwp%2Fv2%2Fcomments&post=5018"}],"version-history":[{"count":0,"href":"https:\/\/urfamagazin.com\/index.php?rest_route=\/wp\/v2\/posts\/5018\/revisions"}],"wp:featuredmedia":[{"embeddable":true,"href":"https:\/\/urfamagazin.com\/index.php?rest_route=\/wp\/v2\/media\/5019"}],"wp:attachment":[{"href":"https:\/\/urfamagazin.com\/index.php?rest_route=%2Fwp%2Fv2%2Fmedia&parent=5018"}],"wp:term":[{"taxonomy":"category","embeddable":true,"href":"https:\/\/urfamagazin.com\/index.php?rest_route=%2Fwp%2Fv2%2Fcategories&post=5018"},{"taxonomy":"post_tag","embeddable":true,"href":"https:\/\/urfamagazin.com\/index.php?rest_route=%2Fwp%2Fv2%2Ftags&post=5018"}],"curies":[{"name":"wp","href":"https:\/\/api.w.org\/{rel}","templated":true}]}}