{"id":5023,"date":"2026-05-01T04:56:52","date_gmt":"2026-05-01T04:56:52","guid":{"rendered":"https:\/\/urfamagazin.com\/?p=5023"},"modified":"2026-05-01T04:56:52","modified_gmt":"2026-05-01T04:56:52","slug":"yolcu-otobusu-devrildi-cok-sayida-olu-ve-yarali-var","status":"publish","type":"post","link":"https:\/\/urfamagazin.com\/?p=5023","title":{"rendered":"Yolcu otob\u00fcs\u00fc devrildi: \u00c7ok say\u0131da \u00f6l\u00fc ve yaral\u0131 var!"},"content":{"rendered":"<p>Kaza, saat 03.15 s\u0131ralar\u0131nda Band\u0131rma yolu K\u00fclefli yol ayr\u0131m\u0131 yak\u0131nlar\u0131nda, Bursa istikametinde meydana geldi. Edinilen bilgiye g\u00f6re, 35 PK 328 plakal\u0131 yolcu otob\u00fcs\u00fc hen\u00fcz bilinmeyen bir nedenle kontrolden \u00e7\u0131karak tek tarafl\u0131 devrildi.<\/p>\n<p>\u0130hbar \u00fczerine olay yerine Bal\u0131kesir B\u00fcy\u00fck\u015fehir Belediyesi \u0130tfaiye Daire Ba\u015fkanl\u0131\u011f\u0131&#8217;na ba\u011fl\u0131 2 ara\u00e7 ve 10 personel sevk edildi. Ekipler taraf\u0131ndan yap\u0131lan kurtarma \u00e7al\u0131\u015fmalar\u0131nda 22 yolcu hafif yaral\u0131 \u015fekilde tahliye edilerek sa\u011fl\u0131k ekiplerine teslim edildi. Otob\u00fcs\u00fcn alt\u0131nda s\u0131k\u0131\u015fan 4 a\u011f\u0131r yaral\u0131 yolcu da ekiplerin \u00e7al\u0131\u015fmas\u0131 sonucu \u00e7\u0131kar\u0131larak hastaneye kald\u0131r\u0131ld\u0131.<\/p>\n<p><img loading=\"lazy\" decoding=\"async\" alt=\"G\u00f6rsel\" class=\"mx-auto max-w-full h-auto shadow-sm\" height=\"601\" src=\"https:\/\/www.urfahaber.com\/images\/uploads\/2026\/05\/kaza-ara1-69f43207bdcc3.jpg\" width=\"916\" \/><\/p>\n<p>Otob\u00fcs kald\u0131r\u0131ld\u0131ktan sonra 3 ki\u015finin hayat\u0131n\u0131 kaybetti\u011fi belirlendi. Yaral\u0131lar \u00e7evredeki hastanelere sevk edilirken, olay yeri inceleme \u00e7al\u0131\u015fmalar\u0131n\u0131n ard\u0131ndan b\u00f6lge emniyet ekiplerine teslim edildi.<\/p>\n<p>Kaza nedeniyle yol bir s\u00fcre trafi\u011fe kapat\u0131l\u0131rken temizleme \u00e7al\u0131\u015fmalar\u0131 sonras\u0131nda tek \u015feritten kontroll\u00fc olarak trafi\u011fe a\u00e7\u0131ld\u0131. Kazayla ilgili inceleme ba\u015flat\u0131ld\u0131.<\/p>\n<p>Kaynak: \u0130HA<\/p>\n<p><img loading=\"lazy\" decoding=\"async\" alt=\"G\u00f6rsel\" class=\"mx-auto max-w-full h-auto shadow-sm\" height=\"967\" src=\"https:\/\/www.urfahaber.com\/images\/uploads\/2026\/05\/kaza-ra12-69f43213e8236.jpg\" width=\"856\" \/><\/p>\n","protected":false},"excerpt":{"rendered":"<p>Kaza, saat 03.15 s\u0131ralar\u0131nda Band\u0131rma yolu K\u00fclefli yol ayr\u0131m\u0131 yak\u0131nlar\u0131nda, Bursa istikametinde meydana geldi. Edinilen&#8230;<\/p>\n","protected":false},"author":1,"featured_media":5024,"comment_status":"closed","ping_status":"closed","sticky":false,"template":"","format":"standard","meta":{"footnotes":""},"categories":[1],"tags":[],"class_list":["post-5023","post","type-post","status-publish","format-standard","has-post-thumbnail","hentry","category-guncel-haberler"],"_links":{"self":[{"href":"https:\/\/urfamagazin.com\/index.php?rest_route=\/wp\/v2\/posts\/5023","targetHints":{"allow":["GET"]}}],"collection":[{"href":"https:\/\/urfamagazin.com\/index.php?rest_route=\/wp\/v2\/posts"}],"about":[{"href":"https:\/\/urfamagazin.com\/index.php?rest_route=\/wp\/v2\/types\/post"}],"author":[{"embeddable":true,"href":"https:\/\/urfamagazin.com\/index.php?rest_route=\/wp\/v2\/users\/1"}],"replies":[{"embeddable":true,"href":"https:\/\/urfamagazin.com\/index.php?rest_route=%2Fwp%2Fv2%2Fcomments&post=5023"}],"version-history":[{"count":0,"href":"https:\/\/urfamagazin.com\/index.php?rest_route=\/wp\/v2\/posts\/5023\/revisions"}],"wp:featuredmedia":[{"embeddable":true,"href":"https:\/\/urfamagazin.com\/index.php?rest_route=\/wp\/v2\/media\/5024"}],"wp:attachment":[{"href":"https:\/\/urfamagazin.com\/index.php?rest_route=%2Fwp%2Fv2%2Fmedia&parent=5023"}],"wp:term":[{"taxonomy":"category","embeddable":true,"href":"https:\/\/urfamagazin.com\/index.php?rest_route=%2Fwp%2Fv2%2Fcategories&post=5023"},{"taxonomy":"post_tag","embeddable":true,"href":"https:\/\/urfamagazin.com\/index.php?rest_route=%2Fwp%2Fv2%2Ftags&post=5023"}],"curies":[{"name":"wp","href":"https:\/\/api.w.org\/{rel}","templated":true}]}}