{"id":5026,"date":"2026-05-01T04:58:32","date_gmt":"2026-05-01T04:58:32","guid":{"rendered":"https:\/\/urfamagazin.com\/?p=5026"},"modified":"2026-05-01T04:58:32","modified_gmt":"2026-05-01T04:58:32","slug":"karar-resmi-gazetede-dogum-izni-suresi-artti","status":"publish","type":"post","link":"https:\/\/urfamagazin.com\/?p=5026","title":{"rendered":"Karar Resmi Gazete&#8217;de! Do\u011fum izni s\u00fcresi artt\u0131!"},"content":{"rendered":"<p>Cumhurba\u015fkan\u0131 Recep Tayyip Erdo\u011fan&#8217;\u0131n imzas\u0131yla Resmi Gazete&#8217;de yay\u0131mlanan kararnameye g\u00f6re kamu ve \u00f6zel sekt\u00f6rde \u00e7al\u0131\u015fan anneleri kapsayan d\u00fczenleme ile izin s\u00fcresi; do\u011fum \u00f6ncesi 8 hafta ve do\u011fum sonras\u0131 16 hafta olmak \u00fczere toplamda 24 haftaya y\u00fckseltildi.<\/p>\n<h2><img loading=\"lazy\" decoding=\"async\" alt=\"Karar Resmi Gazete'de! Do\u011fum izni s\u00fcresi artt\u0131!\" class=\"mx-auto max-w-full h-auto shadow-sm\" height=\"543\" src=\"https:\/\/www.urfahaber.com\/images\/uploads\/2026\/05\/anne-69f43337745cf.jpg\" width=\"815\" \/><strong>24 HAFTAYA Y\u00dcKSELT\u0130LD\u0130<\/strong><\/h2>\n<p>D\u00fczenleme ile \u00e7al\u0131\u015fan annelerin do\u011fum sonras\u0131 izin haklar\u0131 geni\u015fletildi, 16 haftadan 24 haftaya y\u00fckseltildi. Do\u011fum izni yeni sona ermi\u015f anneler de belirli \u015fartlar\u0131 sa\u011flamalar\u0131 halinde izinlerini 24 haftaya tamamlayabilecek.<\/p>\n<h2><img loading=\"lazy\" decoding=\"async\" alt=\"Karar Resmi Gazete'de! Do\u011fum izni s\u00fcresi artt\u0131!\" class=\"mx-auto max-w-full h-auto shadow-sm\" height=\"800\" src=\"https:\/\/www.urfahaber.com\/images\/uploads\/2026\/05\/dogum-69f4334e06b23.jpg\" width=\"1200\" \/><strong>S\u00dcRE\u00c7 NASIL \u0130\u015eLEYECEK?<\/strong><\/h2>\n<p>Ba\u015fvurularla ilgili ayr\u0131nt\u0131lar Aile ve Sosyal Hizmetler Bakanl\u0131\u011f\u0131n\u0131n internet sayfas\u0131ndan payla\u015f\u0131lacak.<\/p>\n<p>En kritik \u015fart, do\u011fum tarihinden itibaren ge\u00e7en s\u00fcrenin 1 Nisan 2026 itibar\u0131yla 24 haftay\u0131 doldurmam\u0131\u015f olmas\u0131.<\/p>\n<p>Bu \u015fart\u0131 sa\u011flayan anneler, ba\u015fvuru yapmalar\u0131 halinde 8 haftaya kadar ek anal\u0131k izni kullanabilecek.<\/p>\n<p>Sa\u011fl\u0131k durumu elveri\u015fli anne adaylar\u0131n\u0131n beklenen do\u011fum \u00f6ncesinde g\u00f6revlerine devam edebilecekleri s\u00fcre de 3 haftadan 2 haftaya kadar indirildi.<\/p>\n<p>B\u00f6ylelikle do\u011fum sonras\u0131na aktar\u0131labilecek izin s\u00fcresi de 1 hafta art\u0131r\u0131lm\u0131\u015f oldu.<\/p>\n<p>\u00d6zel sekt\u00f6r \u00e7al\u0131\u015fanlar\u0131n\u0131n babal\u0131k izni de kamu \u00e7al\u0131\u015fanlar\u0131nda oldu\u011fu gibi 10 g\u00fcne \u00e7\u0131kar\u0131ld\u0131.<\/p>\n","protected":false},"excerpt":{"rendered":"<p>Cumhurba\u015fkan\u0131 Recep Tayyip Erdo\u011fan&#8217;\u0131n imzas\u0131yla Resmi Gazete&#8217;de yay\u0131mlanan kararnameye g\u00f6re kamu ve \u00f6zel sekt\u00f6rde \u00e7al\u0131\u015fan&#8230;<\/p>\n","protected":false},"author":1,"featured_media":5027,"comment_status":"closed","ping_status":"closed","sticky":false,"template":"","format":"standard","meta":{"footnotes":""},"categories":[1],"tags":[],"class_list":["post-5026","post","type-post","status-publish","format-standard","has-post-thumbnail","hentry","category-guncel-haberler"],"_links":{"self":[{"href":"https:\/\/urfamagazin.com\/index.php?rest_route=\/wp\/v2\/posts\/5026","targetHints":{"allow":["GET"]}}],"collection":[{"href":"https:\/\/urfamagazin.com\/index.php?rest_route=\/wp\/v2\/posts"}],"about":[{"href":"https:\/\/urfamagazin.com\/index.php?rest_route=\/wp\/v2\/types\/post"}],"author":[{"embeddable":true,"href":"https:\/\/urfamagazin.com\/index.php?rest_route=\/wp\/v2\/users\/1"}],"replies":[{"embeddable":true,"href":"https:\/\/urfamagazin.com\/index.php?rest_route=%2Fwp%2Fv2%2Fcomments&post=5026"}],"version-history":[{"count":0,"href":"https:\/\/urfamagazin.com\/index.php?rest_route=\/wp\/v2\/posts\/5026\/revisions"}],"wp:featuredmedia":[{"embeddable":true,"href":"https:\/\/urfamagazin.com\/index.php?rest_route=\/wp\/v2\/media\/5027"}],"wp:attachment":[{"href":"https:\/\/urfamagazin.com\/index.php?rest_route=%2Fwp%2Fv2%2Fmedia&parent=5026"}],"wp:term":[{"taxonomy":"category","embeddable":true,"href":"https:\/\/urfamagazin.com\/index.php?rest_route=%2Fwp%2Fv2%2Fcategories&post=5026"},{"taxonomy":"post_tag","embeddable":true,"href":"https:\/\/urfamagazin.com\/index.php?rest_route=%2Fwp%2Fv2%2Ftags&post=5026"}],"curies":[{"name":"wp","href":"https:\/\/api.w.org\/{rel}","templated":true}]}}