{"id":5028,"date":"2026-05-01T05:48:53","date_gmt":"2026-05-01T05:48:53","guid":{"rendered":"https:\/\/urfamagazin.com\/?p=5028"},"modified":"2026-05-01T05:48:53","modified_gmt":"2026-05-01T05:48:53","slug":"bozovada-genc-doktor-hayatini-kaybetti","status":"publish","type":"post","link":"https:\/\/urfamagazin.com\/?p=5028","title":{"rendered":"Bozova&#8217;da gen\u00e7 doktor hayat\u0131n\u0131 kaybetti!"},"content":{"rendered":"<p>\u015eanl\u0131urfa\u2019n\u0131n Bozova il\u00e7esinde g\u00f6rev yapan gen\u00e7 doktor Muhammet Fatih \u00dcnsal\u2019\u0131n vefat\u0131, sa\u011fl\u0131k camias\u0131nda b\u00fcy\u00fck \u00fcz\u00fcnt\u00fcye neden oldu.<\/p>\n<p>Bozova Mehmet-Enver Y\u0131ld\u0131r\u0131m Devlet Hastanesi\u2019nde g\u00f6revli olan Dr. \u00dcnsal\u2019\u0131n, bir s\u00fcredir kalp rahats\u0131zl\u0131\u011f\u0131 nedeniyle tedavi g\u00f6rd\u00fc\u011f\u00fc ve bu s\u00fcre\u00e7te hayat\u0131n\u0131 kaybetti\u011fi \u00f6\u011frenildi.<\/p>\n<p>Gen\u00e7 ya\u015fta gelen vefat haberi, hem g\u00f6rev yapt\u0131\u011f\u0131 hastanede hem de il genelinde derin bir yas olu\u015fturdu. Mesai arkada\u015flar\u0131 ve sa\u011fl\u0131k \u00e7al\u0131\u015fanlar\u0131, Dr. \u00dcnsal\u2019\u0131n kayb\u0131ndan duyduklar\u0131 \u00fcz\u00fcnt\u00fcy\u00fc dile getirirken, sa\u011fl\u0131k camias\u0131 b\u00fcy\u00fck bir ac\u0131 ya\u015fad\u0131.<\/p>\n<blockquote class=\"twitter-tweet\">\n<p lang=\"tr\" dir=\"ltr\">Ac\u0131 Kayb\u0131m\u0131z. <a href=\"https:\/\/t.co\/9PJqNpG4gl\">pic.twitter.com\/9PJqNpG4gl<\/a><\/p>\n<p>\u2014 \u015eanl\u0131urfa \u0130l Sa\u011fl\u0131k M\u00fcd\u00fcrl\u00fc\u011f\u00fc (@sanliurfaism) <a href=\"https:\/\/twitter.com\/sanliurfaism\/status\/2049772411889856552?ref_src=twsrc%5Etfw\">April 30, 2026<\/a><\/p><\/blockquote>\n<p> <script async src=\"https:\/\/platform.twitter.com\/widgets.js\" charset=\"utf-8\"><\/script>\u00a0<\/p>\n<p>\u00a0<\/p>\n","protected":false},"excerpt":{"rendered":"<p>\u015eanl\u0131urfa\u2019n\u0131n Bozova il\u00e7esinde g\u00f6rev yapan gen\u00e7 doktor Muhammet Fatih \u00dcnsal\u2019\u0131n vefat\u0131, sa\u011fl\u0131k camias\u0131nda b\u00fcy\u00fck \u00fcz\u00fcnt\u00fcye&#8230;<\/p>\n","protected":false},"author":1,"featured_media":0,"comment_status":"closed","ping_status":"closed","sticky":false,"template":"","format":"standard","meta":{"footnotes":""},"categories":[1],"tags":[],"class_list":["post-5028","post","type-post","status-publish","format-standard","hentry","category-guncel-haberler"],"_links":{"self":[{"href":"https:\/\/urfamagazin.com\/index.php?rest_route=\/wp\/v2\/posts\/5028","targetHints":{"allow":["GET"]}}],"collection":[{"href":"https:\/\/urfamagazin.com\/index.php?rest_route=\/wp\/v2\/posts"}],"about":[{"href":"https:\/\/urfamagazin.com\/index.php?rest_route=\/wp\/v2\/types\/post"}],"author":[{"embeddable":true,"href":"https:\/\/urfamagazin.com\/index.php?rest_route=\/wp\/v2\/users\/1"}],"replies":[{"embeddable":true,"href":"https:\/\/urfamagazin.com\/index.php?rest_route=%2Fwp%2Fv2%2Fcomments&post=5028"}],"version-history":[{"count":0,"href":"https:\/\/urfamagazin.com\/index.php?rest_route=\/wp\/v2\/posts\/5028\/revisions"}],"wp:attachment":[{"href":"https:\/\/urfamagazin.com\/index.php?rest_route=%2Fwp%2Fv2%2Fmedia&parent=5028"}],"wp:term":[{"taxonomy":"category","embeddable":true,"href":"https:\/\/urfamagazin.com\/index.php?rest_route=%2Fwp%2Fv2%2Fcategories&post=5028"},{"taxonomy":"post_tag","embeddable":true,"href":"https:\/\/urfamagazin.com\/index.php?rest_route=%2Fwp%2Fv2%2Ftags&post=5028"}],"curies":[{"name":"wp","href":"https:\/\/api.w.org\/{rel}","templated":true}]}}