{"id":5037,"date":"2026-05-01T07:15:51","date_gmt":"2026-05-01T07:15:51","guid":{"rendered":"https:\/\/urfamagazin.com\/?p=5037"},"modified":"2026-05-01T07:15:51","modified_gmt":"2026-05-01T07:15:51","slug":"gecmisten-gelecege-otomobiller-sanliurfada-gorucuye-cikti","status":"publish","type":"post","link":"https:\/\/urfamagazin.com\/?p=5037","title":{"rendered":"Ge\u00e7mi\u015ften gelece\u011fe otomobiller \u015eanl\u0131urfa\u2019da g\u00f6r\u00fcc\u00fcye \u00e7\u0131kt\u0131!"},"content":{"rendered":"<p>\u015eanl\u0131urfa\u2019da otomotiv tutkunlar\u0131n\u0131 ve sekt\u00f6r temsilcilerini bir araya getiren geni\u015f \u00e7apl\u0131 otomotiv fuar\u0131 kap\u0131lar\u0131n\u0131 a\u00e7t\u0131. \u015eanl\u0131urfa Fuar Merkezi&#8217;nde d\u00fczenlenen organizasyon, ilk g\u00fcnden itibaren ziyaret\u00e7ilerden yo\u011fun ilgi g\u00f6rd\u00fc.<\/p>\n<p><img loading=\"lazy\" decoding=\"async\" alt=\"Ge\u00e7mi\u015ften gelece\u011fe otomobiller \u015eanl\u0131urfa\u2019da g\u00f6r\u00fcc\u00fcye \u00e7\u0131kt\u0131!\" class=\"mx-auto max-w-full h-auto shadow-sm\" height=\"900\" src=\"https:\/\/www.urfahaber.com\/images\/uploads\/2026\/05\/whatsapp-image-2026-05-01-at-100109-69f452bd9caca.jpeg\" width=\"1200\" \/><\/p>\n<p>Fuarda stantlar\u0131 s\u00fcsleyen son model otomobiller ve her tarza hitap eden motosikletler b\u00fcy\u00fck be\u011feni toplarken, ge\u00e7mi\u015fe ayna tutan klasik ara\u00e7lar da fuar\u0131n g\u00f6zdesi oldu.<\/p>\n<p><img loading=\"lazy\" decoding=\"async\" alt=\"Ge\u00e7mi\u015ften gelece\u011fe otomobiller \u015eanl\u0131urfa\u2019da g\u00f6r\u00fcc\u00fcye \u00e7\u0131kt\u0131!\" class=\"mx-auto max-w-full h-auto shadow-sm\" height=\"900\" src=\"https:\/\/www.urfahaber.com\/images\/uploads\/2026\/05\/whatsapp-image-2026-05-01-at-101254-69f45315e3cf8.jpeg\" width=\"1200\" \/><\/p>\n<p>Ara\u00e7 sergilerinin yan\u0131 s\u0131ra otomotiv yan sanayisi ve hizmet sekt\u00f6r\u00fc de fuarda geni\u015f yer buldu. Patlamayan lastik teknolojilerinden boyas\u0131z hasar onar\u0131m merkezlerine kadar ara\u00e7 bak\u0131m\u0131 ve donan\u0131m\u0131na dair bir\u00e7ok yenilik ziyaret\u00e7ilere tan\u0131t\u0131ld\u0131.<\/p>\n<p><img loading=\"lazy\" decoding=\"async\" alt=\"Ge\u00e7mi\u015ften gelece\u011fe otomobiller \u015eanl\u0131urfa\u2019da g\u00f6r\u00fcc\u00fcye \u00e7\u0131kt\u0131!\" class=\"mx-auto max-w-full h-auto shadow-sm\" height=\"900\" src=\"https:\/\/www.urfahaber.com\/images\/uploads\/2026\/05\/whatsapp-image-2026-05-01-at-101507-69f45384a1829.jpeg\" width=\"1200\" \/><\/p>\n<p>Fuar alan\u0131nda stant a\u00e7an i\u015fletme sahipleri, organizasyonun ticari hareketlili\u011fe olan etkisinden memnuniyetlerini dile getirdi. Bu t\u00fcr kapsaml\u0131 fuarlar\u0131n hem kendi i\u015f hacimlerini art\u0131rd\u0131\u011f\u0131n\u0131 hem de \u015eanl\u0131urfa&#8217;n\u0131n genel ekonomisine ciddi bir ivme kazand\u0131rd\u0131\u011f\u0131n\u0131 belirttiler.<\/p>\n","protected":false},"excerpt":{"rendered":"<p>\u015eanl\u0131urfa\u2019da otomotiv tutkunlar\u0131n\u0131 ve sekt\u00f6r temsilcilerini bir araya getiren geni\u015f \u00e7apl\u0131 otomotiv fuar\u0131 kap\u0131lar\u0131n\u0131 a\u00e7t\u0131&#8230;.<\/p>\n","protected":false},"author":1,"featured_media":5038,"comment_status":"closed","ping_status":"closed","sticky":false,"template":"","format":"standard","meta":{"footnotes":""},"categories":[1],"tags":[],"class_list":["post-5037","post","type-post","status-publish","format-standard","has-post-thumbnail","hentry","category-guncel-haberler"],"_links":{"self":[{"href":"https:\/\/urfamagazin.com\/index.php?rest_route=\/wp\/v2\/posts\/5037","targetHints":{"allow":["GET"]}}],"collection":[{"href":"https:\/\/urfamagazin.com\/index.php?rest_route=\/wp\/v2\/posts"}],"about":[{"href":"https:\/\/urfamagazin.com\/index.php?rest_route=\/wp\/v2\/types\/post"}],"author":[{"embeddable":true,"href":"https:\/\/urfamagazin.com\/index.php?rest_route=\/wp\/v2\/users\/1"}],"replies":[{"embeddable":true,"href":"https:\/\/urfamagazin.com\/index.php?rest_route=%2Fwp%2Fv2%2Fcomments&post=5037"}],"version-history":[{"count":0,"href":"https:\/\/urfamagazin.com\/index.php?rest_route=\/wp\/v2\/posts\/5037\/revisions"}],"wp:featuredmedia":[{"embeddable":true,"href":"https:\/\/urfamagazin.com\/index.php?rest_route=\/wp\/v2\/media\/5038"}],"wp:attachment":[{"href":"https:\/\/urfamagazin.com\/index.php?rest_route=%2Fwp%2Fv2%2Fmedia&parent=5037"}],"wp:term":[{"taxonomy":"category","embeddable":true,"href":"https:\/\/urfamagazin.com\/index.php?rest_route=%2Fwp%2Fv2%2Fcategories&post=5037"},{"taxonomy":"post_tag","embeddable":true,"href":"https:\/\/urfamagazin.com\/index.php?rest_route=%2Fwp%2Fv2%2Ftags&post=5037"}],"curies":[{"name":"wp","href":"https:\/\/api.w.org\/{rel}","templated":true}]}}