{"id":5048,"date":"2026-05-01T08:14:42","date_gmt":"2026-05-01T08:14:42","guid":{"rendered":"https:\/\/urfamagazin.com\/?p=5048"},"modified":"2026-05-01T08:14:42","modified_gmt":"2026-05-01T08:14:42","slug":"ortaklarin-tartismasi-cinayetle-bitti","status":"publish","type":"post","link":"https:\/\/urfamagazin.com\/?p=5048","title":{"rendered":"Ortaklar\u0131n tart\u0131\u015fmas\u0131 cinayetle bitti!"},"content":{"rendered":"<p>Sakarya&#8217;n\u0131n Sapanca il\u00e7esinde, birlikte bungalov kiralama i\u015fi yapt\u0131\u011f\u0131 orta\u011f\u0131 Z.M. (40) taraf\u0131ndan tabancayla vurulan Aykut Saban (37) hayat\u0131n\u0131 kaybetti.<\/p>\n<p>Olay, sabaha kar\u015f\u0131 Sapanca il\u00e7esi Gazipa\u015fa Mahallesi Yedig\u00f6z Caddesi\u2019ndeki bir i\u015fletmede meydana geldi. Z.M. ile bungalov kiralama i\u015fi yapt\u0131\u011f\u0131 orta\u011f\u0131 Aykut Saban aras\u0131nda tart\u0131\u015fma \u00e7\u0131kt\u0131. Tart\u0131\u015fman\u0131n b\u00fcy\u00fcmesi \u00fczerine Z.M., ruhsats\u0131z tabanca ile Saban\u2019\u0131 g\u00f6\u011fs\u00fcnden vurdu. \u0130hbar \u00fczerine adrese sa\u011fl\u0131k ve polis ekipleri sevk edildi. Sa\u011fl\u0131k ekiplerinin yapt\u0131klar\u0131 kontrolde Aykut Saban\u2019\u0131n ya\u015fam\u0131n\u0131 yitirdi\u011fi belirlendi. Yap\u0131lan incelemelerin ard\u0131ndan Saban\u2019\u0131n cans\u0131z bedeni Sapanca Devlet Hastanesi morguna kald\u0131r\u0131ld\u0131, ard\u0131ndan da otopsi i\u00e7in Sakarya E\u011fitim ve Ara\u015ft\u0131rma Hastanesi Korucuk \u00d6n Otopsi Merkezine g\u00f6nderildi.<\/p>\n<p><img loading=\"lazy\" decoding=\"async\" alt=\"G\u00f6rsel\" class=\"mx-auto max-w-full h-auto shadow-sm\" height=\"765\" src=\"https:\/\/www.urfahaber.com\/images\/uploads\/2026\/05\/is-ara1-69f4604fa721d.jpg\" width=\"845\" \/><\/p>\n<h2>SON YOLCULU\u011eUNA U\u011eURLANDI<\/h2>\n<p>Aykut Saban&#8217;\u0131n cenazesi bug\u00fcn Yazl\u0131k Merkez Camii&#8217;nde ikindi namaz\u0131na m\u00fcteakip k\u0131l\u0131nacak cenaze namaz\u0131n\u0131n ard\u0131ndan aile kabristanl\u0131\u011f\u0131na defnedilecek.<\/p>\n<p>\u015e\u00fcpheli Z.M., olayda kulland\u0131\u011f\u0131 ruhsats\u0131z tabanca ile polis taraf\u0131ndan yakalanarak g\u00f6zalt\u0131na al\u0131nd\u0131.<\/p>\n<p>Olayla ilgili soru\u015fturma s\u00fcr\u00fcyor.<\/p>\n<p>Kaynak: DHA<\/p>\n<p><img loading=\"lazy\" decoding=\"async\" alt=\"G\u00f6rsel\" class=\"mx-auto max-w-full h-auto shadow-sm\" height=\"613\" src=\"https:\/\/www.urfahaber.com\/images\/uploads\/2026\/05\/is-ara2-69f46062dd49c.jpg\" width=\"870\" \/><\/p>\n","protected":false},"excerpt":{"rendered":"<p>Sakarya&#8217;n\u0131n Sapanca il\u00e7esinde, birlikte bungalov kiralama i\u015fi yapt\u0131\u011f\u0131 orta\u011f\u0131 Z.M. (40) taraf\u0131ndan tabancayla vurulan Aykut&#8230;<\/p>\n","protected":false},"author":1,"featured_media":5049,"comment_status":"closed","ping_status":"closed","sticky":false,"template":"","format":"standard","meta":{"footnotes":""},"categories":[1],"tags":[],"class_list":["post-5048","post","type-post","status-publish","format-standard","has-post-thumbnail","hentry","category-guncel-haberler"],"_links":{"self":[{"href":"https:\/\/urfamagazin.com\/index.php?rest_route=\/wp\/v2\/posts\/5048","targetHints":{"allow":["GET"]}}],"collection":[{"href":"https:\/\/urfamagazin.com\/index.php?rest_route=\/wp\/v2\/posts"}],"about":[{"href":"https:\/\/urfamagazin.com\/index.php?rest_route=\/wp\/v2\/types\/post"}],"author":[{"embeddable":true,"href":"https:\/\/urfamagazin.com\/index.php?rest_route=\/wp\/v2\/users\/1"}],"replies":[{"embeddable":true,"href":"https:\/\/urfamagazin.com\/index.php?rest_route=%2Fwp%2Fv2%2Fcomments&post=5048"}],"version-history":[{"count":0,"href":"https:\/\/urfamagazin.com\/index.php?rest_route=\/wp\/v2\/posts\/5048\/revisions"}],"wp:featuredmedia":[{"embeddable":true,"href":"https:\/\/urfamagazin.com\/index.php?rest_route=\/wp\/v2\/media\/5049"}],"wp:attachment":[{"href":"https:\/\/urfamagazin.com\/index.php?rest_route=%2Fwp%2Fv2%2Fmedia&parent=5048"}],"wp:term":[{"taxonomy":"category","embeddable":true,"href":"https:\/\/urfamagazin.com\/index.php?rest_route=%2Fwp%2Fv2%2Fcategories&post=5048"},{"taxonomy":"post_tag","embeddable":true,"href":"https:\/\/urfamagazin.com\/index.php?rest_route=%2Fwp%2Fv2%2Ftags&post=5048"}],"curies":[{"name":"wp","href":"https:\/\/api.w.org\/{rel}","templated":true}]}}