{"id":5050,"date":"2026-05-01T10:03:32","date_gmt":"2026-05-01T10:03:32","guid":{"rendered":"https:\/\/urfamagazin.com\/?p=5050"},"modified":"2026-05-01T10:03:32","modified_gmt":"2026-05-01T10:03:32","slug":"mhpde-kongre-takvimi-belli-oldu","status":"publish","type":"post","link":"https:\/\/urfamagazin.com\/?p=5050","title":{"rendered":"MHP\u2019de kongre takvimi belli oldu!"},"content":{"rendered":"<p>Milliyet\u00e7i Hareket Partisi (MHP) Genel Ba\u015fkan Yard\u0131mc\u0131s\u0131 Semih Yal\u00e7\u0131n, 15. Ola\u011fan B\u00fcy\u00fck Kurultay s\u00fcrecinde il ve il\u00e7e kongrelerinin 7 May\u0131s&#8217;ta ba\u015flayaca\u011f\u0131n\u0131 belirterek, &#8220;Kongre s\u00fcrecinin tamamlanmas\u0131n\u0131n ard\u0131ndan MHP\u2019nin 15. Ola\u011fan Kurultay\u0131&#8217;n\u0131n da gelecek y\u0131l 7 Mart 2027 Pazar g\u00fcn\u00fc ger\u00e7ekle\u015ftirilmesi uygun g\u00f6r\u00fclm\u00fc\u015ft\u00fcr&#8221; dedi.<\/p>\n<p>MHP Genel Ba\u015fkan Yard\u0131mc\u0131s\u0131 Semih Yal\u00e7\u0131n, MHP 15. Ola\u011fan B\u00fcy\u00fck Kurultay\u0131&#8217;na ili\u015fkin yapt\u0131\u011f\u0131 yaz\u0131l\u0131 a\u00e7\u0131klamada il ve il\u00e7e kongrelerinin 7 May\u0131s&#8217;ta ba\u015flayaca\u011f\u0131n\u0131 bildirdi. MHP\u2019nin T\u00fcrk siyasi hayat\u0131ndaki k\u00f6kl\u00fc ge\u00e7mi\u015fine dikkat \u00e7eken Yal\u00e7\u0131n, &#8220;MHP, T\u00fcrk siyasi hayat\u0131na do\u011fdu\u011fu 1969 \u015eubat\u2019\u0131ndan bu yana \u00fcstlendi\u011fi tarihi misyonu, milletimizin kadim de\u011ferlerinden ve binlerce y\u0131ll\u0131k birikiminden ald\u0131\u011f\u0131 ilhamla 57 senedir s\u00fcrd\u00fcrmektedir&#8221; ifadelerini kulland\u0131.<\/p>\n<h2>&#8220;TER\u00d6RS\u00dcZ T\u00dcRK\u0130YE EZBERLER\u0130 BOZMU\u015eTUR&#8221;<\/h2>\n<p>MHP Genel Ba\u015fkan\u0131 Devlet Bah\u00e7eli\u2019nin ortaya koydu\u011fu &#8220;Ter\u00f6rs\u00fcz T\u00fcrkiye&#8221; yakla\u015f\u0131m\u0131na ili\u015fkin de Yal\u00e7\u0131n, s\u00f6z konusu politikan\u0131n \u00f6nemli bir d\u00f6n\u00fcm noktas\u0131 oldu\u011funu ifade etti. Yal\u00e7\u0131n, &#8220;Say\u0131n Genel Ba\u015fkan\u0131m\u0131z\u0131n b\u00fcy\u00fck bir ferasetle g\u00fcndeme ta\u015f\u0131d\u0131\u011f\u0131 Ter\u00f6rs\u00fcz T\u00fcrkiye olgusu, bu ba\u011flamda de\u011ferlendirilmelidir. Genel Ba\u015fkan\u0131m\u0131z Devlet Bah\u00e7eli, Ter\u00f6rs\u00fcz T\u00fcrkiye ad\u0131m\u0131yla ezberleri bozmakla kalmay\u0131p, tabular\u0131 y\u0131km\u0131\u015ft\u0131r&#8221; dedi.<\/p>\n<p>Bu yakla\u015f\u0131m\u0131n siyasi arenada ayr\u0131\u015fmay\u0131 netle\u015ftirdi\u011fini belirten Yal\u00e7\u0131n, &#8220;Ter\u00f6rs\u00fcz T\u00fcrkiye hamlesi, siyasi partiler i\u00e7in bir turnusol k\u00e2\u011f\u0131d\u0131 i\u015flevi g\u00f6rm\u00fc\u015ft\u00fcr. Akla kara net \u015fekilde ayr\u0131lm\u0131\u015ft\u0131r. Samimilerle ikiy\u00fczl\u00fcler, yalanc\u0131larla d\u00fcr\u00fcstler tefrik edilmi\u015ftir&#8221; ifadelerini kulland\u0131.<\/p>\n<p>Cumhurba\u015fkan\u0131 Recep Tayyip Erdo\u011fan\u2019\u0131n da sahiplenmesiyle s\u00f6z konusu yakla\u015f\u0131m\u0131n devlet politikas\u0131 h\u00e2line geldi\u011fini belirten Yal\u00e7\u0131n, &#8220;Milletimizin ger\u00e7ek sevenleriyle s\u00f6zde dostlar\u0131 bu sayede ayan beyan ortaya \u00e7\u0131km\u0131\u015ft\u0131r&#8221; dedi.<\/p>\n<h2>&#8220;\u2019TER\u00d6RS\u00dcZ T\u00dcRK\u0130YE\u2019 TOPLUMDAN G\u00dc\u00c7L\u00dc DESTEK G\u00d6RD\u00dc&#8221;<\/h2>\n<p>&#8220;Ter\u00f6rs\u00fcz T\u00fcrkiye&#8221; hedefinin toplum nezdinde kar\u015f\u0131l\u0131k buldu\u011funu ifade eden Yal\u00e7\u0131n, &#8220;Ter\u00f6rs\u00fcz T\u00fcrkiye, bir devran aynas\u0131 gibi herkesin ger\u00e7ek y\u00fcz\u00fcn\u00fc te\u015fhir etmi\u015ftir. Bununla beraber \u00fclkeye huzur, s\u00fck\u00fbn ve i\u00e7 bar\u0131\u015f\u0131; d\u0131\u015far\u0131ya da birli\u011fi, b\u00fct\u00fcnl\u00fc\u011f\u00fc ve karde\u015flik hukukunu yans\u0131tman\u0131n m\u00fcmk\u00fcn oldu\u011funu ispatlam\u0131\u015ft\u0131r&#8221; dedi.<\/p>\n<p>Milletin ter\u00f6r ve \u015fiddetin siyaset arac\u0131 olarak kullan\u0131lmas\u0131na kar\u015f\u0131 \u00e7\u0131kt\u0131\u011f\u0131n\u0131 vurgulayan Yal\u00e7\u0131n, &#8220;Milletimiz, Ter\u00f6rs\u00fcz T\u00fcrkiye\u2019ye sahip \u00e7\u0131km\u0131\u015ft\u0131r&#8221; ifadelerini kulland\u0131.<\/p>\n<p>Siyasi akt\u00f6rlere \u00e7a\u011fr\u0131da bulunan Yal\u00e7\u0131n, &#8220;DEM, T\u00fcrkiye partisi olma ve me\u015fru siyasete entegrasyon s\u00f6z\u00fc verenlerin s\u00f6zlerini yerine getirme DEM\u2019idir. Vakit; b\u00f6l\u00fcc\u00fc ter\u00f6r \u00f6rg\u00fct\u00fcn\u00fcn fesih, silahlar\u0131 b\u0131rakma ve devletin emin ellerine teslim olma s\u00fcrecinin gereklerini eksiksiz yerine getirme vaktidir&#8221; de\u011ferlendirmesinde bulundu.<\/p>\n<h2>KONGRE TAKV\u0130M\u0130 A\u00c7IKLANDI<\/h2>\n<p>MHP Merkez Y\u00f6netim Kurulu\u2019nun (MYK) 27 Nisan tarihli toplant\u0131s\u0131nda kongre s\u00fcrecine ili\u015fkin kararlar\u0131n al\u0131nd\u0131\u011f\u0131n\u0131 belirten Yal\u00e7\u0131n, &#8220;MHP\u2019nin m\u00fcstakbel ola\u011fan b\u00fcy\u00fck kurultay haz\u0131rl\u0131klar\u0131 ba\u011flam\u0131nda il\u00e7e ve il kongrelerinin 7 May\u0131s 2026 tarihinde ba\u015flat\u0131lmas\u0131 kararla\u015ft\u0131r\u0131lm\u0131\u015ft\u0131r. Ayr\u0131ca kongre s\u00fcrecinin tamamlanmas\u0131n\u0131n ard\u0131ndan MHP\u2019nin 15. Ola\u011fan Kurultay\u0131&#8217;n\u0131n da gelecek y\u0131l 7 Mart 2027 Pazar g\u00fcn\u00fc ger\u00e7ekle\u015ftirilmesi uygun g\u00f6r\u00fclm\u00fc\u015ft\u00fcr&#8221; dedi.<\/p>\n<p>Kaynak: \u0130HA<\/p>\n","protected":false},"excerpt":{"rendered":"<p>Milliyet\u00e7i Hareket Partisi (MHP) Genel Ba\u015fkan Yard\u0131mc\u0131s\u0131 Semih Yal\u00e7\u0131n, 15. Ola\u011fan B\u00fcy\u00fck Kurultay s\u00fcrecinde il&#8230;<\/p>\n","protected":false},"author":1,"featured_media":0,"comment_status":"closed","ping_status":"closed","sticky":false,"template":"","format":"standard","meta":{"footnotes":""},"categories":[1],"tags":[],"class_list":["post-5050","post","type-post","status-publish","format-standard","hentry","category-guncel-haberler"],"_links":{"self":[{"href":"https:\/\/urfamagazin.com\/index.php?rest_route=\/wp\/v2\/posts\/5050","targetHints":{"allow":["GET"]}}],"collection":[{"href":"https:\/\/urfamagazin.com\/index.php?rest_route=\/wp\/v2\/posts"}],"about":[{"href":"https:\/\/urfamagazin.com\/index.php?rest_route=\/wp\/v2\/types\/post"}],"author":[{"embeddable":true,"href":"https:\/\/urfamagazin.com\/index.php?rest_route=\/wp\/v2\/users\/1"}],"replies":[{"embeddable":true,"href":"https:\/\/urfamagazin.com\/index.php?rest_route=%2Fwp%2Fv2%2Fcomments&post=5050"}],"version-history":[{"count":0,"href":"https:\/\/urfamagazin.com\/index.php?rest_route=\/wp\/v2\/posts\/5050\/revisions"}],"wp:attachment":[{"href":"https:\/\/urfamagazin.com\/index.php?rest_route=%2Fwp%2Fv2%2Fmedia&parent=5050"}],"wp:term":[{"taxonomy":"category","embeddable":true,"href":"https:\/\/urfamagazin.com\/index.php?rest_route=%2Fwp%2Fv2%2Fcategories&post=5050"},{"taxonomy":"post_tag","embeddable":true,"href":"https:\/\/urfamagazin.com\/index.php?rest_route=%2Fwp%2Fv2%2Ftags&post=5050"}],"curies":[{"name":"wp","href":"https:\/\/api.w.org\/{rel}","templated":true}]}}