{"id":5081,"date":"2026-05-01T20:52:25","date_gmt":"2026-05-01T20:52:25","guid":{"rendered":"https:\/\/urfamagazin.com\/?p=5081"},"modified":"2026-05-01T20:52:25","modified_gmt":"2026-05-01T20:52:25","slug":"sumud-filosu-aktivistlerini-tasiyan-ucak-istanbula-geldi","status":"publish","type":"post","link":"https:\/\/urfamagazin.com\/?p=5081","title":{"rendered":"Sumud Filosu aktivistlerini ta\u015f\u0131yan u\u00e7ak \u0130stanbul&#8217;a geldi!"},"content":{"rendered":"<p>\u0130srail taraf\u0131ndan al\u0131konulan K\u00fcresel\u00a0Sumud\u00a0Filosu\u00a0kat\u0131l\u0131mc\u0131lar\u0131n\u0131 Girit\u2019ten T\u00fcrkiye\u2019ye getiren u\u00e7ak \u0130stanbul Havaliman\u0131\u2019na indi.<\/p>\n<p><img loading=\"lazy\" decoding=\"async\" alt=\"Sumud Filosu aktivistlerini ta\u015f\u0131yan u\u00e7ak \u0130stanbul'a geldi!\" class=\"mx-auto max-w-full h-auto shadow-sm\" height=\"900\" src=\"https:\/\/www.urfahaber.com\/images\/uploads\/2026\/05\/aw695702-06-69f5146a41419.jpg\" width=\"1200\" \/><\/p>\n<p>U\u00e7akta, T\u00fcrk vatanda\u015flar\u0131n\u0131n yan\u0131 s\u0131ra ABD, Arjantin, Avustralya, Bahreyn, Birle\u015fik Krall\u0131k, Brezilya, Hollanda, \u0130spanya, \u0130talya, Malezya, Meksika, Pakistan, \u015eili ve Yeni Zelanda\u2019dan filo kat\u0131l\u0131mc\u0131lar\u0131 da dahil olmak \u00fczere toplam 59 ki\u015fi bulunuyor.<\/p>\n<p>Kaynak: \u0130HA\u00a0<\/p>\n","protected":false},"excerpt":{"rendered":"<p>\u0130srail taraf\u0131ndan al\u0131konulan K\u00fcresel\u00a0Sumud\u00a0Filosu\u00a0kat\u0131l\u0131mc\u0131lar\u0131n\u0131 Girit\u2019ten T\u00fcrkiye\u2019ye getiren u\u00e7ak \u0130stanbul Havaliman\u0131\u2019na indi. U\u00e7akta, T\u00fcrk vatanda\u015flar\u0131n\u0131n yan\u0131&#8230;<\/p>\n","protected":false},"author":1,"featured_media":5082,"comment_status":"closed","ping_status":"closed","sticky":false,"template":"","format":"standard","meta":{"footnotes":""},"categories":[1],"tags":[],"class_list":["post-5081","post","type-post","status-publish","format-standard","has-post-thumbnail","hentry","category-guncel-haberler"],"_links":{"self":[{"href":"https:\/\/urfamagazin.com\/index.php?rest_route=\/wp\/v2\/posts\/5081","targetHints":{"allow":["GET"]}}],"collection":[{"href":"https:\/\/urfamagazin.com\/index.php?rest_route=\/wp\/v2\/posts"}],"about":[{"href":"https:\/\/urfamagazin.com\/index.php?rest_route=\/wp\/v2\/types\/post"}],"author":[{"embeddable":true,"href":"https:\/\/urfamagazin.com\/index.php?rest_route=\/wp\/v2\/users\/1"}],"replies":[{"embeddable":true,"href":"https:\/\/urfamagazin.com\/index.php?rest_route=%2Fwp%2Fv2%2Fcomments&post=5081"}],"version-history":[{"count":0,"href":"https:\/\/urfamagazin.com\/index.php?rest_route=\/wp\/v2\/posts\/5081\/revisions"}],"wp:featuredmedia":[{"embeddable":true,"href":"https:\/\/urfamagazin.com\/index.php?rest_route=\/wp\/v2\/media\/5082"}],"wp:attachment":[{"href":"https:\/\/urfamagazin.com\/index.php?rest_route=%2Fwp%2Fv2%2Fmedia&parent=5081"}],"wp:term":[{"taxonomy":"category","embeddable":true,"href":"https:\/\/urfamagazin.com\/index.php?rest_route=%2Fwp%2Fv2%2Fcategories&post=5081"},{"taxonomy":"post_tag","embeddable":true,"href":"https:\/\/urfamagazin.com\/index.php?rest_route=%2Fwp%2Fv2%2Ftags&post=5081"}],"curies":[{"name":"wp","href":"https:\/\/api.w.org\/{rel}","templated":true}]}}