{"id":5085,"date":"2026-05-02T06:38:37","date_gmt":"2026-05-02T06:38:37","guid":{"rendered":"https:\/\/urfamagazin.com\/?p=5085"},"modified":"2026-05-02T06:38:37","modified_gmt":"2026-05-02T06:38:37","slug":"sanliurfada-kumrularin-gorsel-soleni-basladi","status":"publish","type":"post","link":"https:\/\/urfamagazin.com\/?p=5085","title":{"rendered":"\u015eanl\u0131urfa&#8217;da kumrular\u0131n g\u00f6rsel \u015f\u00f6leni ba\u015flad\u0131!"},"content":{"rendered":"<p>\u015eanl\u0131urfa\u2019n\u0131n Viran\u015fehir il\u00e7esinde her y\u0131l bahar ay\u0131n\u0131n gelmesiyle birlikte e\u015fine az rastlanan bir olay ya\u015fan\u0131yor. Trafik lambalar\u0131n\u0131n bulundu\u011fu b\u00f6lgedeki a\u011fa\u00e7lara konan kumrular\u0131n kar\u0131nlar\u0131n\u0131 doyurmak i\u00e7in geli\u015ftirdi\u011fi y\u00f6ntem g\u00f6renleri hayrete d\u00fc\u015f\u00fcr\u00fcyor. Trafik \u0131\u015f\u0131klar\u0131n\u0131 adeta birer yemek zili gibi kullanan kumrular, k\u0131rm\u0131z\u0131 \u0131\u015f\u0131k yanana kadar a\u011fa\u00e7larda pusuda bekleyip, ara\u00e7lar durur durmaz tah\u0131l y\u00fckl\u00fc kamyon ve t\u0131rlar\u0131n kasalar\u0131na ak\u0131n ediyor.<\/p>\n<p><img loading=\"lazy\" decoding=\"async\" alt=\"\u015eanl\u0131urfa'da kumrular\u0131n g\u00f6rsel \u015f\u00f6leni ba\u015flad\u0131!\" class=\"mx-auto max-w-full h-auto shadow-sm\" height=\"675\" src=\"https:\/\/www.urfahaber.com\/images\/uploads\/2026\/05\/aw695782-02-69f59d9f32f45.jpg\" width=\"1200\" \/><\/p>\n<p><strong>A\u011eA\u00c7LARDA SESS\u0130Z BEKLEY\u0130\u015e<\/strong><\/p>\n<p>Tah\u0131l ambar\u0131 olarak adland\u0131r\u0131lan\u00a0\u015eanl\u0131urfa\u2019da arpa, m\u0131s\u0131r ve bu\u011fday \u00fcretiminin b\u00fcy\u00fck bir k\u0131sm\u0131 Ceylanp\u0131nar Tar\u0131m \u0130\u015fletmeleri M\u00fcd\u00fcrl\u00fc\u011f\u00fcne (T\u0130GEM) ait arazilerden sa\u011flan\u0131yor. Hasat sonras\u0131 bir k\u0131sm\u0131 tohum, bir k\u0131sm\u0131 ise besin maddesi olarak t\u00fcketilmek \u00fczere il d\u0131\u015f\u0131na g\u00f6nderilirken bir k\u0131sm\u0131 ise tedbir ama\u00e7l\u0131 depolarda tutuluyor. Her y\u0131l bahar ay\u0131n\u0131n gelmesiyle birlikte depolarda tutulan tah\u0131llar, yeni \u00fcr\u00fcnlere yer a\u00e7\u0131labilmesi i\u00e7in kamyon ve t\u0131rlarla ba\u015fka b\u00f6lgelere ta\u015f\u0131n\u0131yor. Tah\u0131l nakliyesi yap\u0131l\u0131rken e\u015fine az rastlanan bir manzara ortaya \u00e7\u0131k\u0131yor. Sabah\u0131n erken saatlerinden itibaren tah\u0131l y\u00fckl\u00fc kamyon ve t\u0131rlar\u0131n g\u00fczergah\u0131na ak\u0131n eden kumrular, ara\u00e7lar\u0131n gelmesini bekliyor.<br \/> K\u0131rm\u0131z\u0131 \u0131\u015f\u0131kla birlikte ba\u015flayan ziyafet<\/p>\n<p>Hareket halindeki ara\u00e7lar\u0131n ge\u00e7i\u015fi s\u0131ras\u0131nda beklemeye devam eden kumrular, k\u0131rm\u0131z\u0131 \u0131\u015f\u0131\u011f\u0131n yanmas\u0131yla birlikte harekete ge\u00e7iyor. Trafik lambalar\u0131n\u0131 adeta yemek zili gibi alg\u0131layan kumrular, \u0131\u015f\u0131klarla duran tah\u0131l y\u00fckl\u00fc kamyon ve t\u0131rlara ak\u0131n ederek ziyafet \u00e7ekiyor. Ye\u015fil \u0131\u015f\u0131k yand\u0131\u011f\u0131nda ise ziyafete ara veren kumrular, tekrar a\u011fa\u00e7lara d\u00f6nerek yeni ara\u00e7lar\u0131n yolunu g\u00f6zl\u00fcyor.<\/p>\n<p><img loading=\"lazy\" decoding=\"async\" alt=\"\u015eanl\u0131urfa'da kumrular\u0131n g\u00f6rsel \u015f\u00f6leni ba\u015flad\u0131!\" class=\"mx-auto max-w-full h-auto shadow-sm\" height=\"675\" src=\"https:\/\/www.urfahaber.com\/images\/uploads\/2026\/05\/aw695782-04-69f59dadab71c.jpg\" width=\"1200\" \/><\/p>\n<p><strong>&#8220;HERKES RIZKINI Y\u0130YOR&#8221;<\/strong><\/p>\n<p>Yol kenar\u0131ndaki bir i\u015fletmede usta olarak \u00e7al\u0131\u015fan Abdullah Aslan, &#8220;Ara\u00e7lar geliyor, kumrular uzaktan gelip t\u0131rlar\u0131n kasas\u0131ndaki bu\u011fday, arpa, m\u0131s\u0131rlar\u0131 yiyor. Herkes r\u0131zk\u0131n\u0131 yiyor, onlar\u0131n da r\u0131zk\u0131 buymu\u015f&#8221; dedi.<br \/> \u00c7ocuklar ise her g\u00fcn kumrular\u0131n bu \u015fekilde beslendi\u011fini ifade etti.<\/p>\n<p>KAYNAK: \u0130HA<\/p>\n","protected":false},"excerpt":{"rendered":"<p>\u015eanl\u0131urfa\u2019n\u0131n Viran\u015fehir il\u00e7esinde her y\u0131l bahar ay\u0131n\u0131n gelmesiyle birlikte e\u015fine az rastlanan bir olay ya\u015fan\u0131yor&#8230;.<\/p>\n","protected":false},"author":1,"featured_media":5086,"comment_status":"closed","ping_status":"closed","sticky":false,"template":"","format":"standard","meta":{"footnotes":""},"categories":[1],"tags":[],"class_list":["post-5085","post","type-post","status-publish","format-standard","has-post-thumbnail","hentry","category-guncel-haberler"],"_links":{"self":[{"href":"https:\/\/urfamagazin.com\/index.php?rest_route=\/wp\/v2\/posts\/5085","targetHints":{"allow":["GET"]}}],"collection":[{"href":"https:\/\/urfamagazin.com\/index.php?rest_route=\/wp\/v2\/posts"}],"about":[{"href":"https:\/\/urfamagazin.com\/index.php?rest_route=\/wp\/v2\/types\/post"}],"author":[{"embeddable":true,"href":"https:\/\/urfamagazin.com\/index.php?rest_route=\/wp\/v2\/users\/1"}],"replies":[{"embeddable":true,"href":"https:\/\/urfamagazin.com\/index.php?rest_route=%2Fwp%2Fv2%2Fcomments&post=5085"}],"version-history":[{"count":0,"href":"https:\/\/urfamagazin.com\/index.php?rest_route=\/wp\/v2\/posts\/5085\/revisions"}],"wp:featuredmedia":[{"embeddable":true,"href":"https:\/\/urfamagazin.com\/index.php?rest_route=\/wp\/v2\/media\/5086"}],"wp:attachment":[{"href":"https:\/\/urfamagazin.com\/index.php?rest_route=%2Fwp%2Fv2%2Fmedia&parent=5085"}],"wp:term":[{"taxonomy":"category","embeddable":true,"href":"https:\/\/urfamagazin.com\/index.php?rest_route=%2Fwp%2Fv2%2Fcategories&post=5085"},{"taxonomy":"post_tag","embeddable":true,"href":"https:\/\/urfamagazin.com\/index.php?rest_route=%2Fwp%2Fv2%2Ftags&post=5085"}],"curies":[{"name":"wp","href":"https:\/\/api.w.org\/{rel}","templated":true}]}}