{"id":5087,"date":"2026-05-02T06:57:59","date_gmt":"2026-05-02T06:57:59","guid":{"rendered":"https:\/\/urfamagazin.com\/?p=5087"},"modified":"2026-05-02T06:57:59","modified_gmt":"2026-05-02T06:57:59","slug":"sanliurfada-minik-kalpler-senlikte-doyasiya-eglendi","status":"publish","type":"post","link":"https:\/\/urfamagazin.com\/?p=5087","title":{"rendered":"\u015eanl\u0131urfa&#8217;da minik kalpler \u015fenlikte doyas\u0131ya e\u011flendi!"},"content":{"rendered":"<p>\u015eanl\u0131urfa B\u00fcy\u00fck\u015fehir Belediyesi Engelli Koordinasyon ve Ya\u015fam Merkezi\u2019nde ger\u00e7ekle\u015ftirilen etkinli\u011fe yo\u011fun kat\u0131l\u0131m sa\u011fland\u0131. Programa Sosyal Hizmetler Dairesi Ba\u015fkan\u0131 Sevil Soysal Maral da kat\u0131larak \u00e7ocuklar\u0131n sevincine ortak oldu.<\/p>\n<p><img loading=\"lazy\" decoding=\"async\" alt=\"\u015eanl\u0131urfa'da minik kalpler \u015fenlikte doyas\u0131ya e\u011flendi!\" class=\"mx-auto max-w-full h-auto shadow-sm\" height=\"800\" src=\"https:\/\/www.urfahaber.com\/images\/uploads\/2026\/05\/hlkhjkj-69f5a1d76e46f.jpeg\" width=\"1200\" \/><\/p>\n<p>\u0130smail Nazif Bayraktar Mesleki ve Teknik Anadolu Lisesi ile Harran \u00dcniversitesi Organize Sanayi B\u00f6lgesi Meslek Y\u00fcksekokulu\u2019nun katk\u0131lar\u0131yla d\u00fczenlenen \u015fenlikte, \u00e7ocuklar\u0131n payla\u015fma ve dayan\u0131\u015fma duygular\u0131n\u0131 geli\u015ftirmesi hedeflendi.<\/p>\n<p><img loading=\"lazy\" decoding=\"async\" alt=\"\u015eanl\u0131urfa'da minik kalpler \u015fenlikte doyas\u0131ya e\u011flendi!\" class=\"mx-auto max-w-full h-auto shadow-sm\" height=\"800\" src=\"https:\/\/www.urfahaber.com\/images\/uploads\/2026\/05\/fsdsfd-69f5a1e531307.jpeg\" width=\"1200\" \/><\/p>\n<p>Program kapsam\u0131nda ebru sanat\u0131, \u00e7uval yar\u0131\u015f\u0131, yumurta yar\u0131\u015f\u0131 ve halat \u00e7ekme gibi bir\u00e7ok etkinlik d\u00fczenlendi. G\u00fcn boyunca s\u00fcren aktivitelerde \u00e7ocuklar doyas\u0131ya e\u011flenirken, yar\u0131\u015fmalarda dereceye giren miniklere madalyalar takdim edildi.<\/p>\n<p><img loading=\"lazy\" decoding=\"async\" alt=\"\u015eanl\u0131urfa'da minik kalpler \u015fenlikte doyas\u0131ya e\u011flendi!\" class=\"mx-auto max-w-full h-auto shadow-sm\" height=\"800\" src=\"https:\/\/www.urfahaber.com\/images\/uploads\/2026\/05\/fsdfsdf-69f5a1f4132d8.jpeg\" width=\"1200\" \/><\/p>\n<p>Program, \u00e7ocuklar\u0131n mutlulu\u011fu e\u015fli\u011finde kesilen pasta ile sona erdi.<\/p>\n","protected":false},"excerpt":{"rendered":"<p>\u015eanl\u0131urfa B\u00fcy\u00fck\u015fehir Belediyesi Engelli Koordinasyon ve Ya\u015fam Merkezi\u2019nde ger\u00e7ekle\u015ftirilen etkinli\u011fe yo\u011fun kat\u0131l\u0131m sa\u011fland\u0131. Programa Sosyal&#8230;<\/p>\n","protected":false},"author":1,"featured_media":5088,"comment_status":"closed","ping_status":"closed","sticky":false,"template":"","format":"standard","meta":{"footnotes":""},"categories":[1],"tags":[],"class_list":["post-5087","post","type-post","status-publish","format-standard","has-post-thumbnail","hentry","category-guncel-haberler"],"_links":{"self":[{"href":"https:\/\/urfamagazin.com\/index.php?rest_route=\/wp\/v2\/posts\/5087","targetHints":{"allow":["GET"]}}],"collection":[{"href":"https:\/\/urfamagazin.com\/index.php?rest_route=\/wp\/v2\/posts"}],"about":[{"href":"https:\/\/urfamagazin.com\/index.php?rest_route=\/wp\/v2\/types\/post"}],"author":[{"embeddable":true,"href":"https:\/\/urfamagazin.com\/index.php?rest_route=\/wp\/v2\/users\/1"}],"replies":[{"embeddable":true,"href":"https:\/\/urfamagazin.com\/index.php?rest_route=%2Fwp%2Fv2%2Fcomments&post=5087"}],"version-history":[{"count":0,"href":"https:\/\/urfamagazin.com\/index.php?rest_route=\/wp\/v2\/posts\/5087\/revisions"}],"wp:featuredmedia":[{"embeddable":true,"href":"https:\/\/urfamagazin.com\/index.php?rest_route=\/wp\/v2\/media\/5088"}],"wp:attachment":[{"href":"https:\/\/urfamagazin.com\/index.php?rest_route=%2Fwp%2Fv2%2Fmedia&parent=5087"}],"wp:term":[{"taxonomy":"category","embeddable":true,"href":"https:\/\/urfamagazin.com\/index.php?rest_route=%2Fwp%2Fv2%2Fcategories&post=5087"},{"taxonomy":"post_tag","embeddable":true,"href":"https:\/\/urfamagazin.com\/index.php?rest_route=%2Fwp%2Fv2%2Ftags&post=5087"}],"curies":[{"name":"wp","href":"https:\/\/api.w.org\/{rel}","templated":true}]}}