{"id":5131,"date":"2026-05-03T06:06:26","date_gmt":"2026-05-03T06:06:26","guid":{"rendered":"https:\/\/urfamagazin.com\/?p=5131"},"modified":"2026-05-03T06:06:26","modified_gmt":"2026-05-03T06:06:26","slug":"yurek-yakan-olum-15-yasindaki-ogrenci-feci-sekilde-can-verdi","status":"publish","type":"post","link":"https:\/\/urfamagazin.com\/?p=5131","title":{"rendered":"Y\u00fcrek yakan \u00f6l\u00fcm: 15 ya\u015f\u0131ndaki \u00f6\u011frenci feci \u015fekilde can verdi!"},"content":{"rendered":"<p>Hatay&#8217;da staj yapt\u0131\u011f\u0131 pastanede \u00e7al\u0131\u015f\u0131rken elektrik ak\u0131m\u0131na kap\u0131larak can veren 15 ya\u015f\u0131ndaki Mahir Bu\u011fra Karag\u00f6n, k\u0131l\u0131nan cenaze namaz\u0131n\u0131n ard\u0131ndan son yolculu\u011funa u\u011furland\u0131. <\/p>\n","protected":false},"excerpt":{"rendered":"<p>Hatay&#8217;da staj yapt\u0131\u011f\u0131 pastanede \u00e7al\u0131\u015f\u0131rken elektrik ak\u0131m\u0131na kap\u0131larak can veren 15 ya\u015f\u0131ndaki Mahir Bu\u011fra Karag\u00f6n,&#8230;<\/p>\n","protected":false},"author":1,"featured_media":0,"comment_status":"closed","ping_status":"closed","sticky":false,"template":"","format":"standard","meta":{"footnotes":""},"categories":[1],"tags":[],"class_list":["post-5131","post","type-post","status-publish","format-standard","hentry","category-guncel-haberler"],"_links":{"self":[{"href":"https:\/\/urfamagazin.com\/index.php?rest_route=\/wp\/v2\/posts\/5131","targetHints":{"allow":["GET"]}}],"collection":[{"href":"https:\/\/urfamagazin.com\/index.php?rest_route=\/wp\/v2\/posts"}],"about":[{"href":"https:\/\/urfamagazin.com\/index.php?rest_route=\/wp\/v2\/types\/post"}],"author":[{"embeddable":true,"href":"https:\/\/urfamagazin.com\/index.php?rest_route=\/wp\/v2\/users\/1"}],"replies":[{"embeddable":true,"href":"https:\/\/urfamagazin.com\/index.php?rest_route=%2Fwp%2Fv2%2Fcomments&post=5131"}],"version-history":[{"count":0,"href":"https:\/\/urfamagazin.com\/index.php?rest_route=\/wp\/v2\/posts\/5131\/revisions"}],"wp:attachment":[{"href":"https:\/\/urfamagazin.com\/index.php?rest_route=%2Fwp%2Fv2%2Fmedia&parent=5131"}],"wp:term":[{"taxonomy":"category","embeddable":true,"href":"https:\/\/urfamagazin.com\/index.php?rest_route=%2Fwp%2Fv2%2Fcategories&post=5131"},{"taxonomy":"post_tag","embeddable":true,"href":"https:\/\/urfamagazin.com\/index.php?rest_route=%2Fwp%2Fv2%2Ftags&post=5131"}],"curies":[{"name":"wp","href":"https:\/\/api.w.org\/{rel}","templated":true}]}}