{"id":5134,"date":"2026-05-03T07:29:26","date_gmt":"2026-05-03T07:29:26","guid":{"rendered":"https:\/\/urfamagazin.com\/?p=5134"},"modified":"2026-05-03T07:29:26","modified_gmt":"2026-05-03T07:29:26","slug":"sanliurfanin-kultur-sanat-yolculugu-devam-ediyor","status":"publish","type":"post","link":"https:\/\/urfamagazin.com\/?p=5134","title":{"rendered":"\u015eanl\u0131urfa\u2019n\u0131n k\u00fclt\u00fcr sanat yolculu\u011fu devam ediyor!"},"content":{"rendered":"<p>K\u00fclt\u00fcr ve Turizm Bakanl\u0131\u011f\u0131 taraf\u0131ndan hayata ge\u00e7irilen T\u00fcrkiye K\u00fclt\u00fcr Yolu Festivali\u2019nin ilk dura\u011f\u0131 olan \u015eanl\u0131urfa K\u00fclt\u00fcr Yolu Festivali, sekizinci g\u00fcn\u00fcnde at\u00f6lyelerden \u00e7ocuk etkinliklerine uzanan program\u0131yla her ya\u015ftan sanatseveri bir araya getirdi. <\/p>\n","protected":false},"excerpt":{"rendered":"<p>K\u00fclt\u00fcr ve Turizm Bakanl\u0131\u011f\u0131 taraf\u0131ndan hayata ge\u00e7irilen T\u00fcrkiye K\u00fclt\u00fcr Yolu Festivali\u2019nin ilk dura\u011f\u0131 olan \u015eanl\u0131urfa&#8230;<\/p>\n","protected":false},"author":1,"featured_media":0,"comment_status":"closed","ping_status":"closed","sticky":false,"template":"","format":"standard","meta":{"footnotes":""},"categories":[1],"tags":[],"class_list":["post-5134","post","type-post","status-publish","format-standard","hentry","category-guncel-haberler"],"_links":{"self":[{"href":"https:\/\/urfamagazin.com\/index.php?rest_route=\/wp\/v2\/posts\/5134","targetHints":{"allow":["GET"]}}],"collection":[{"href":"https:\/\/urfamagazin.com\/index.php?rest_route=\/wp\/v2\/posts"}],"about":[{"href":"https:\/\/urfamagazin.com\/index.php?rest_route=\/wp\/v2\/types\/post"}],"author":[{"embeddable":true,"href":"https:\/\/urfamagazin.com\/index.php?rest_route=\/wp\/v2\/users\/1"}],"replies":[{"embeddable":true,"href":"https:\/\/urfamagazin.com\/index.php?rest_route=%2Fwp%2Fv2%2Fcomments&post=5134"}],"version-history":[{"count":0,"href":"https:\/\/urfamagazin.com\/index.php?rest_route=\/wp\/v2\/posts\/5134\/revisions"}],"wp:attachment":[{"href":"https:\/\/urfamagazin.com\/index.php?rest_route=%2Fwp%2Fv2%2Fmedia&parent=5134"}],"wp:term":[{"taxonomy":"category","embeddable":true,"href":"https:\/\/urfamagazin.com\/index.php?rest_route=%2Fwp%2Fv2%2Fcategories&post=5134"},{"taxonomy":"post_tag","embeddable":true,"href":"https:\/\/urfamagazin.com\/index.php?rest_route=%2Fwp%2Fv2%2Ftags&post=5134"}],"curies":[{"name":"wp","href":"https:\/\/api.w.org\/{rel}","templated":true}]}}