{"id":5139,"date":"2026-05-03T09:35:30","date_gmt":"2026-05-03T09:35:30","guid":{"rendered":"https:\/\/urfamagazin.com\/?p=5139"},"modified":"2026-05-03T09:35:30","modified_gmt":"2026-05-03T09:35:30","slug":"turkiyeden-erivana-18-yil-sonra-ilk-ziyaret","status":"publish","type":"post","link":"https:\/\/urfamagazin.com\/?p=5139","title":{"rendered":"T\u00fcrkiye\u2019den Erivan\u2019a 18 y\u0131l sonra ilk ziyaret!"},"content":{"rendered":"<p>Cumhurba\u015fkan\u0131 Yard\u0131mc\u0131s\u0131 Cevdet Y\u0131lmaz, yar\u0131n Avrupa Siyasi Toplulu\u011fu 8. Zirvesi&#8217;ne kat\u0131lmak \u00fczere Ermenistan&#8217;\u0131n Ba\u015fkenti Erivan&#8217;a gidecek. Y\u0131lmaz&#8217;\u0131n yapaca\u011f\u0131 resmi ziyaret, T\u00fcrkiye&#8217;den Ermenistan&#8217;a 18 y\u0131l sonra bu sevide yap\u0131lan ilk ziyaret olacak. <\/p>\n","protected":false},"excerpt":{"rendered":"<p>Cumhurba\u015fkan\u0131 Yard\u0131mc\u0131s\u0131 Cevdet Y\u0131lmaz, yar\u0131n Avrupa Siyasi Toplulu\u011fu 8. Zirvesi&#8217;ne kat\u0131lmak \u00fczere Ermenistan&#8217;\u0131n Ba\u015fkenti Erivan&#8217;a&#8230;<\/p>\n","protected":false},"author":1,"featured_media":0,"comment_status":"closed","ping_status":"closed","sticky":false,"template":"","format":"standard","meta":{"footnotes":""},"categories":[1],"tags":[],"class_list":["post-5139","post","type-post","status-publish","format-standard","hentry","category-guncel-haberler"],"_links":{"self":[{"href":"https:\/\/urfamagazin.com\/index.php?rest_route=\/wp\/v2\/posts\/5139","targetHints":{"allow":["GET"]}}],"collection":[{"href":"https:\/\/urfamagazin.com\/index.php?rest_route=\/wp\/v2\/posts"}],"about":[{"href":"https:\/\/urfamagazin.com\/index.php?rest_route=\/wp\/v2\/types\/post"}],"author":[{"embeddable":true,"href":"https:\/\/urfamagazin.com\/index.php?rest_route=\/wp\/v2\/users\/1"}],"replies":[{"embeddable":true,"href":"https:\/\/urfamagazin.com\/index.php?rest_route=%2Fwp%2Fv2%2Fcomments&post=5139"}],"version-history":[{"count":0,"href":"https:\/\/urfamagazin.com\/index.php?rest_route=\/wp\/v2\/posts\/5139\/revisions"}],"wp:attachment":[{"href":"https:\/\/urfamagazin.com\/index.php?rest_route=%2Fwp%2Fv2%2Fmedia&parent=5139"}],"wp:term":[{"taxonomy":"category","embeddable":true,"href":"https:\/\/urfamagazin.com\/index.php?rest_route=%2Fwp%2Fv2%2Fcategories&post=5139"},{"taxonomy":"post_tag","embeddable":true,"href":"https:\/\/urfamagazin.com\/index.php?rest_route=%2Fwp%2Fv2%2Ftags&post=5139"}],"curies":[{"name":"wp","href":"https:\/\/api.w.org\/{rel}","templated":true}]}}