{"id":5147,"date":"2026-05-03T12:41:53","date_gmt":"2026-05-03T12:41:53","guid":{"rendered":"https:\/\/urfamagazin.com\/?p=5147"},"modified":"2026-05-03T12:41:53","modified_gmt":"2026-05-03T12:41:53","slug":"huda-par-suruc-ilce-baskani-belli-oldu","status":"publish","type":"post","link":"https:\/\/urfamagazin.com\/?p=5147","title":{"rendered":"H\u00dcDA PAR Suru\u00e7 \u0130l\u00e7e Ba\u015fkan\u0131 belli oldu!"},"content":{"rendered":"<p>H\u00dcDA PAR Suru\u00e7 \u0130l\u00e7e Ba\u015fkanl\u0131\u011f\u0131\u2019n\u0131n 5. Ola\u011fan Kongresi ger\u00e7ekle\u015ftirildi. Tek listeyle gidilen kongrede mevcut ba\u015fkan Yunus Fidan, delegelerin g\u00fcvenini tazeleyerek yeniden il\u00e7e ba\u015fkanl\u0131\u011f\u0131na se\u00e7ildi. <\/p>\n","protected":false},"excerpt":{"rendered":"<p>H\u00dcDA PAR Suru\u00e7 \u0130l\u00e7e Ba\u015fkanl\u0131\u011f\u0131\u2019n\u0131n 5. Ola\u011fan Kongresi ger\u00e7ekle\u015ftirildi. Tek listeyle gidilen kongrede mevcut ba\u015fkan&#8230;<\/p>\n","protected":false},"author":1,"featured_media":0,"comment_status":"closed","ping_status":"closed","sticky":false,"template":"","format":"standard","meta":{"footnotes":""},"categories":[1],"tags":[],"class_list":["post-5147","post","type-post","status-publish","format-standard","hentry","category-guncel-haberler"],"_links":{"self":[{"href":"https:\/\/urfamagazin.com\/index.php?rest_route=\/wp\/v2\/posts\/5147","targetHints":{"allow":["GET"]}}],"collection":[{"href":"https:\/\/urfamagazin.com\/index.php?rest_route=\/wp\/v2\/posts"}],"about":[{"href":"https:\/\/urfamagazin.com\/index.php?rest_route=\/wp\/v2\/types\/post"}],"author":[{"embeddable":true,"href":"https:\/\/urfamagazin.com\/index.php?rest_route=\/wp\/v2\/users\/1"}],"replies":[{"embeddable":true,"href":"https:\/\/urfamagazin.com\/index.php?rest_route=%2Fwp%2Fv2%2Fcomments&post=5147"}],"version-history":[{"count":0,"href":"https:\/\/urfamagazin.com\/index.php?rest_route=\/wp\/v2\/posts\/5147\/revisions"}],"wp:attachment":[{"href":"https:\/\/urfamagazin.com\/index.php?rest_route=%2Fwp%2Fv2%2Fmedia&parent=5147"}],"wp:term":[{"taxonomy":"category","embeddable":true,"href":"https:\/\/urfamagazin.com\/index.php?rest_route=%2Fwp%2Fv2%2Fcategories&post=5147"},{"taxonomy":"post_tag","embeddable":true,"href":"https:\/\/urfamagazin.com\/index.php?rest_route=%2Fwp%2Fv2%2Ftags&post=5147"}],"curies":[{"name":"wp","href":"https:\/\/api.w.org\/{rel}","templated":true}]}}