{"id":9034,"date":"2026-08-31T05:56:59","date_gmt":"2026-08-31T05:56:59","guid":{"rendered":"https:\/\/urfamagazin.com\/?p=9034"},"modified":"2026-08-31T05:56:59","modified_gmt":"2026-08-31T05:56:59","slug":"ev-sahibi-dehset-sacti-kiracisini-oldurdu","status":"publish","type":"post","link":"https:\/\/urfamagazin.com\/?p=9034","title":{"rendered":"Ev sahibi deh\u015fet sa\u00e7t\u0131: Kirac\u0131s\u0131n\u0131 \u00f6ld\u00fcrd\u00fc!"},"content":{"rendered":"<p>Bursa&#8217;n\u0131n \u0130neg\u00f6l il\u00e7esinde ev sahibi ile kirac\u0131s\u0131 aras\u0131nda \u00e7\u0131kan kavga kanl\u0131 bitti. Ev sahibinin t\u00fcfekle ate\u015f etti\u011fi kirac\u0131 hayat\u0131n\u0131 kaybederken, darp s\u0131ras\u0131nda yere d\u00fc\u015ferek a\u011f\u0131r yaralanan ev sahibinin tedavisi s\u00fcr\u00fcyor. <\/p>\n","protected":false},"excerpt":{"rendered":"<p>Bursa&#8217;n\u0131n \u0130neg\u00f6l il\u00e7esinde ev sahibi ile kirac\u0131s\u0131 aras\u0131nda \u00e7\u0131kan kavga kanl\u0131 bitti. Ev sahibinin t\u00fcfekle&#8230;<\/p>\n","protected":false},"author":1,"featured_media":0,"comment_status":"closed","ping_status":"closed","sticky":false,"template":"","format":"standard","meta":{"footnotes":""},"categories":[1],"tags":[],"class_list":["post-9034","post","type-post","status-publish","format-standard","hentry","category-guncel-haberler"],"_links":{"self":[{"href":"https:\/\/urfamagazin.com\/index.php?rest_route=\/wp\/v2\/posts\/9034","targetHints":{"allow":["GET"]}}],"collection":[{"href":"https:\/\/urfamagazin.com\/index.php?rest_route=\/wp\/v2\/posts"}],"about":[{"href":"https:\/\/urfamagazin.com\/index.php?rest_route=\/wp\/v2\/types\/post"}],"author":[{"embeddable":true,"href":"https:\/\/urfamagazin.com\/index.php?rest_route=\/wp\/v2\/users\/1"}],"replies":[{"embeddable":true,"href":"https:\/\/urfamagazin.com\/index.php?rest_route=%2Fwp%2Fv2%2Fcomments&post=9034"}],"version-history":[{"count":0,"href":"https:\/\/urfamagazin.com\/index.php?rest_route=\/wp\/v2\/posts\/9034\/revisions"}],"wp:attachment":[{"href":"https:\/\/urfamagazin.com\/index.php?rest_route=%2Fwp%2Fv2%2Fmedia&parent=9034"}],"wp:term":[{"taxonomy":"category","embeddable":true,"href":"https:\/\/urfamagazin.com\/index.php?rest_route=%2Fwp%2Fv2%2Fcategories&post=9034"},{"taxonomy":"post_tag","embeddable":true,"href":"https:\/\/urfamagazin.com\/index.php?rest_route=%2Fwp%2Fv2%2Ftags&post=9034"}],"curies":[{"name":"wp","href":"https:\/\/api.w.org\/{rel}","templated":true}]}}